{"id":26434,"date":"2021-04-08T12:59:46","date_gmt":"2021-04-08T11:59:46","guid":{"rendered":"https:\/\/senzor.ba\/?p=26434"},"modified":"2024-01-15T21:38:48","modified_gmt":"2024-01-15T20:38:48","slug":"nezaboravni-fudbaleri-la-lige-o-velikom-rivalstvu-real-madrida-i-barcelone","status":"publish","type":"post","link":"https:\/\/tvsensor.com\/clanak\/nezaboravni-fudbaleri-la-lige-o-velikom-rivalstvu-real-madrida-i-barcelone\/","title":{"rendered":"Nezaboravni fudbaleri La Lige o velikom rivalstvu Real Madrida i Barcelone"},"content":{"rendered":"\n<p>Biv\u0161i fudbaleri Real Madrida i Barcelone podijelili su svoja osje\u0107anja o velikom rivalstvu dva kluba prije El Clasica koji \u0107e se igrati u okviru 30. kola \u0161panske La Lige.<\/p>\n\n\n\n<p>Na internet stranici La Lige objavljen je intervju sa fudbalerima kao \u0161to su Fernando Hierro, Patrick Kluivert, Fernando Morientes, Samuel Eto'o i Fernando Redondo prije utakmice Real Madrida i Barcelone koja se igra u subotu, 10. aprila.<\/p>\n\n\n\n<p>Hierro, koji je nosio dres Real Madrida od 1989. do 2003. godine, rekao je da i danas posebno pamti jedan od derbija protiv Barce.<\/p>\n\n\n\n<p>&#8220;Uvijek \u0107u pamtiti dan kada smo na &#8216;Santiago Bernabeuu&#8217; pobijedili s 5: 0&#8221;, kazao je Hierro.<\/p>\n\n\n\n<p>Kluivert, koji je u Barceloni igrao u periodu 1998.-2004., istakao je da je El Clasico poseban me\u010d.<\/p>\n\n\n\n<p>&#8220;Sjajan je osje\u0107aj postizati gol u takvoj atmosferi&#8221;, kazao je Kluivert.<\/p>\n\n\n\n<p>Morientes, jedan od biv\u0161ih napada\u010da Real Madrida koji je u kraljevskom klubu igrao od 1997. od 2005., istakao je da je El Clasico najve\u0107i derbi u svijetu.<\/p>\n\n\n\n<p>&#8220;Kao neko ko je proputovao svijet, mogu re\u0107i da je El Clasico najve\u0107a utakmica ne samo u \u0160paniji ve\u0107 i u okvirima svjetskog fudbala&#8221;, rekao je Morientes.<\/p>\n\n\n\n<p>Eto'o, koji je nastupao za Barcelonu od 2004. do 2009. godine, kazao je da je El Clasico rivalstvo koje je osjetio ve\u0107 od prvog dana kada je stigao u Barcu.<\/p>\n\n\n\n<p>Redondo, koji je igrao u Real Madridu od 1994. do 2000. godine, istakao je da je El Clasico &#8220;najve\u0107a utakmica u svjetskom fudbalu&#8221;.<\/p>\n","protected":false},"excerpt":{"rendered":"<p>Biv\u0161i fudbaleri Real Madrida i Barcelone podijelili su svoja osje\u0107anja o velikom rivalstvu dva kluba prije El Clasica koji \u0107e se igrati u okviru 30. kola \u0161panske La Lige. Na internet stranici La Lige objavljen je intervju sa fudbalerima kao \u0161to su Fernando Hierro, Patrick Kluivert, Fernando Morientes, Samuel Eto'o i Fernando Redondo prije utakmice [&hellip;]<\/p>\n","protected":false},"author":59,"featured_media":26435,"comment_status":"closed","ping_status":"closed","sticky":false,"template":"","format":"standard","meta":{"inline_featured_image":false,"footnotes":""},"categories":[62],"tags":[565,563,566,569,570,564,567],"class_list":{"0":"post-26434","1":"post","2":"type-post","3":"status-publish","4":"format-standard","5":"has-post-thumbnail","7":"category-nogomet","8":"tag-barca","9":"tag-barcelona","10":"tag-el-clasico","11":"tag-fudbal","12":"tag-la-liga","14":"tag-spanija"},"acf":[],"_links":{"self":[{"href":"https:\/\/tvsensor.com\/api\/wp\/v2\/posts\/26434","targetHints":{"allow":["GET"]}}],"collection":[{"href":"https:\/\/tvsensor.com\/api\/wp\/v2\/posts"}],"about":[{"href":"https:\/\/tvsensor.com\/api\/wp\/v2\/types\/post"}],"author":[{"embeddable":true,"href":"https:\/\/tvsensor.com\/api\/wp\/v2\/users\/59"}],"replies":[{"embeddable":true,"href":"https:\/\/tvsensor.com\/api\/wp\/v2\/comments?post=26434"}],"version-history":[{"count":1,"href":"https:\/\/tvsensor.com\/api\/wp\/v2\/posts\/26434\/revisions"}],"predecessor-version":[{"id":26436,"href":"https:\/\/tvsensor.com\/api\/wp\/v2\/posts\/26434\/revisions\/26436"}],"wp:featuredmedia":[{"embeddable":true,"href":"https:\/\/tvsensor.com\/api\/wp\/v2\/media\/26435"}],"wp:attachment":[{"href":"https:\/\/tvsensor.com\/api\/wp\/v2\/media?parent=26434"}],"wp:term":[{"taxonomy":"category","embeddable":true,"href":"https:\/\/tvsensor.com\/api\/wp\/v2\/categories?post=26434"},{"taxonomy":"post_tag","embeddable":true,"href":"https:\/\/tvsensor.com\/api\/wp\/v2\/tags?post=26434"}],"curies":[{"name":"wp","href":"https:\/\/api.w.org\/{rel}","templated":true}]}}