{"id":26395,"date":"2021-04-07T19:18:39","date_gmt":"2021-04-07T18:18:39","guid":{"rendered":"https:\/\/senzor.ba\/?p=26395"},"modified":"2024-01-15T21:38:50","modified_gmt":"2024-01-15T20:38:50","slug":"prica-o-hamdiji-pozdercu-nekada-najmocnijem-politicaru-u-bih","status":"publish","type":"post","link":"https:\/\/tvsensor.com\/clanak\/prica-o-hamdiji-pozdercu-nekada-najmocnijem-politicaru-u-bih\/","title":{"rendered":"Pri\u010da o Hamdiji Pozdercu, nekada najmo\u0107nijem politi\u010daru u BiH"},"content":{"rendered":"\n<p><strong>Hamdija Pozderac<\/strong>, jedan od najja\u010dih i najutjecajnijih politi\u010dara iz Bosne i Hercegovine u vrijeme komunizma, umro je na dana\u0161nji dan, 7. aprila 1988. godine, pod nerazja\u0161njenim okolnostima.<\/p>\n\n\n\n<p>Posebno je zaslu\u017ean za priznavanje Muslimana kao&nbsp;<strong>jednog od tri konstitutivna naroda<\/strong>&nbsp;u tada\u0161njoj Bosni i Hercegovini.<\/p>\n\n\n\n<p>Upravo se njegovo uklanjanje s politi\u010dke scene biv\u0161e Jugoslavije povezuje s njegovim istrajavanjem, kao predsjednika Ustavne komisije Skup\u0161tine Jugoslavije, da se ne mijenjaju osnovna na\u010dela Ustava iz 1974. godine kojima su Muslimani&nbsp;<strong>dobili status naroda u SFRJ<\/strong>. U suprotnom, mo\u017eda BiH danas ne bi ni postojala kao suverena i nezavisna dr\u017eava.<\/p>\n\n\n\n<p>&#8220;I Muslimani i Srbi i Hrvati, kao i pripadnici drugih naroda i narodnosti koji \u017eive u BiH, obezbje\u0111uju i ostvaruju u njoj svoj nacionalni identitet i punu afirmaciju nacionalnih vrijednosti. Upravo iz tih razloga, iako se BiH ne defini\u0161e kao nacionalna dr\u017eava u klasi\u010dnom smislu,&nbsp;<strong>ona je uistinu i nacionalna dr\u017eava i za Srbe, i za Hrvate, i za Muslimane<\/strong>&nbsp;i za pripadnike drugih naroda i narodnosti koji \u017eive na njenom tlu&#8221;, govorio je Pozderac.<\/p>\n\n\n\n<p>Smetao je Hamdija Pozderac mnogima.&nbsp;<strong>Bio je protivnik nacionalizma.<\/strong>&nbsp;Njegovi protivnici su znali da, ukoliko on do\u0111e na \u010delo Predsjedni\u0161tva SFRJ, nemaju \u0161anse za ostvarenje svojih ciljeva. Pozderac je bio upravo taj koji je sprije\u010dio&nbsp;<strong>Slobodana Milo\u0161evi\u0107a<\/strong>&nbsp;i njegove istomi\u0161ljenike da mijenjaju Ustav koji je Muslimane priznao kao narod.<\/p>\n\n\n\n<p>Nakon montiranog procesa oko \u201cmjeni\u010dne afere\u201c u Agrokomercu protiv njega, bio je&nbsp;<strong>prinu\u0111en podnijeti ostavku<\/strong>&nbsp;na funkciju potpredsjednika Predsjedni\u0161tva SFRJ, i to uo\u010di preuzimanja \u010delne funkcije u biv\u0161oj dr\u017eavi. Na sjednici Centralnog komiteta Saveza komunista BiH CKSKBiH 12. oktobra 1987., odlu\u010dio se povu\u0107i iz politi\u010dkog \u017eivota iz, kako je tada rekao, \u201eprincipijelnih razloga\u201c.<\/p>\n\n\n\n<h4 class=\"wp-block-heading\" id=\"h-obavljao-sve-zna-ajne-funkcije\">Obavljao sve zna\u010dajne funkcije<\/h4>\n\n\n\n<p>Pozderac je ro\u0111en u Cazinu 15. januara 1924. godine kao jedno od osmoro djece&nbsp;<strong>Mehe<\/strong>&nbsp;i&nbsp;<strong>Sefije Pozderac<\/strong>. &nbsp;Njegova politi\u010dka biografija po\u010dela je jo\u0161 dok je bio srednjo\u0161kolac. Uklju\u010dio se u rad Saveza komunisti\u010dke omladine Jugoslavije,&nbsp;<strong>koja je tada bila ilegalna<\/strong>, a 1941. godine uklju\u010duje se u Narodnooslobodila\u010dki rat, gdje je obavljao niz va\u017enih funkcija i vojnih du\u017enosti.<\/p>\n\n\n\n<p>Bio je nosilac Partizanske spomenice 1941. Odlikovan je Ordenom za hrabrost, Ordenom zasluga za narod, Ordenom bratstva i jedinstva, Ordenom Republike, Ordenom jugoslovenske zastave sa lentom i Ordenom junaka socijalisti\u010dkog rada.&nbsp;<strong>Nosilac je nagrade ZAVNOBiH-a<\/strong>, a 1956. godine postaje \u010dlan Centralnog komiteta saveza komunista BIH.<\/p>\n\n\n\n<p>Od \u0161ezdesetih godina pro\u0161log vijeka &nbsp;obavljao je&nbsp;<strong>sve zna\u010dajnije funkcije u BiH<\/strong>. \u010clan CKSKBiH, poslanik Prosvjetno-kulturnog vije\u0107a Skup\u0161tine SRBiH, predsjednik Predsjedni\u0161tva Bosne i Hercegovine, predsjednik Skup\u0161tine SRBiH, predsjednik CKSKBiH, \u010dlan Predsjedni\u0161tva SFRJ. Na Fakultetu politi\u010dkih nauka u Sarajevu predavao je op\u0161tu sociologiju, a za \u017eivota je izdao&nbsp;<strong>vi\u0161e publicisti\u010dkih i nau\u010dnih djela<\/strong>.<\/p>\n\n\n\n<div class=\"wp-block-columns is-layout-flex wp-container-core-columns-is-layout-9d6595d7 wp-block-columns-is-layout-flex\">\n<div class=\"wp-block-column is-layout-flow wp-block-column-is-layout-flow\">\n<p><strong><em>&#8220;U oktobru 1987. godine se razbolio i zavr\u0161io u bolnici. U prolje\u0107e, ta\u010dnije 7. aprila 1988. godine, umro je u bolnici Ko\u0161evo u Sarajevu. Njegova smrt jo\u0161 uvijek se smatra nerazja\u0161njenom.&#8221;<\/em><\/strong><\/p>\n<\/div>\n<\/div>\n\n\n\n<p>Jedno je sigurno, Hamdija Pozderac bio je \u017ertva politi\u010dkog obra\u010duna u osvit agresije na Bosnu i Hercegovinu, s jasnim ciljem slabljenja ove zemlje.&nbsp;Na sli\u010dan na\u010din kao \u0161to i danas svjedo\u010dimo raznim sofisticiranim napadima na dr\u017eavu BiH, njezine institucije i pojedince.&nbsp;&nbsp;Sa ovim ocjenama se uglavnom sla\u017eu i ugledni bh. intelektualci.<\/p>\n\n\n\n<p>&#8220;Apsurdno je da se misli da je\u00a0<strong>D\u017eemal Bijedi\u0107\u00a0(prethodnik Pozderca)<\/strong>\u00a0poginuo jer njegov pilot nije znao upravljati avionom, ve\u0107 je neko pokvario visinomjer!\u00a0<strong>Hamdija Pozderac<\/strong>\u00a0<strong>umoren je u bolnici, na Odjeljenju psihijatrije, gdje je nad njim vr\u0161ena tortura.<\/strong>\u00a0Totalitarni sistemi, sistemi tajnih slu\u017ebi uvijek vr\u0161e psihi\u010dki pritisak i teror koji vodi do iscrpljivanja \u010dovjeka koji onda \u010dini gre\u0161ke. Ako ne \u010dini gre\u0161ke, onda podlegne stresu i ljudi masovno umiru od infarkta. Kako su umrli\u00a0<strong>Skender Kulenovi\u0107, Mak Dizdar, Me\u0161a Selimovi\u0107, Hazim \u0160abanovi\u0107&#8230;<\/strong>\u00a0Cijeli niz zna\u010dajnih ljudi stradao je ne mogav\u0161i izdr\u017eati psihi\u010dki pritisak. Grijeh im je bio \u0161to su se borili za BiH, \u0161to su bili Bosanci i pru\u017eali dokaze da je BiH sposobna za najvi\u0161e domete u politici, kulturi i drugim segmentima \u017eivota. Te ljude htjelo se likvidirati i to likvidirati tako da se onemogu\u0107e u nastojanjima da budu nosioci. To je progoniteljima u odre\u0111enoj mjeri po\u0161lo za rukom&#8221;, kazao je svojevremeno\u00a0rahmetli\u00a0<strong>akademik Muhamed Filipovi\u0107<\/strong>, ina\u010de dugogodi\u0161nji prijatelj Hamdije Pozderca.\u00a0\u00a0<\/p>\n\n\n\n<p>Zanimljivo je da je Pozderac \u010desto bio meta upravo velikosrpskih krugova. Istih onih koji su i devedesetih, ali i danas usmjereni protiv BiH. Tako je ratni zlo\u010dinac i \u010dlan skup\u0161tine Srbije&nbsp;<strong>Vojislav \u0160e\u0161elj<\/strong>&nbsp;jo\u0161 1979. napadao Hamdiju Pozderca, nakon \u0161to je navodno otkrio plagijat u jednom magistarskom radu. \u0160e\u0161elj je kasnije izjavio da je time \u017eelio skrenuti pa\u017enju CK od&nbsp;<strong>Nenada Kecmanovi\u0107a<\/strong>, ideologa aktuelne srpske nacionalisti\u010dke politike u BiH, prije svega&nbsp;<strong>Milorada Dodika<\/strong>&nbsp;i njegovog SNSD-a.<\/p>\n\n\n\n<figure class=\"wp-block-image\"><img decoding=\"async\" src=\"https:\/\/storage.radiosarajevo.ba\/image\/580748\/1180x732\/muhamed_filipovic_hamdija_pozderac_privatnialbum.jpg\" alt=\"Hamdija Pozderac i Muhamed Filipovi\u0107 - undefined\"\/><figcaption>Privatni album : Hamdija Pozderac i Muhamed Filipovi\u0107<\/figcaption><\/figure>\n\n\n\n<p>Ina\u010de, prve pukotine u bosanskom politi\u010dkom bloku pojavljuju se s pogibijom D\u017eemala Bijedi\u0107a 1977. godine. A, problemi za BiH po\u010dinju nakon smrti Josipa Broza Tita i skorog dolaska&nbsp;<strong>Slobodana Milo\u0161evi\u0107a<\/strong>&nbsp;na vlast i pozicije neograni\u010dene mo\u0107i. Tokom 1986. Milo\u0161evi\u0107 postaje predsjednik Predsjedni\u0161tva CK Saveza komunista Srbije. To je vrijeme objave Memoranduma SANU-a.&nbsp;<\/p>\n\n\n\n<p>Ne slu\u010dajno, ve\u0107 sljede\u0107e godine po\u010dinje potkopavanje politi\u010dkog jedinstva Bosne i Hercegovine. Prvo se tokom 1987. i 1988. godine otvara afera \u201eAgrokomerc\u201c, zbog koje Pozderac podnosi ostavku, a ve\u0107 naredne godine i umire.&nbsp;Treba li spomenuti i da je to vrijeme uspona&nbsp;<strong>Jovice Stani\u0161i\u0107a<\/strong>&nbsp;koji&nbsp; dolazil na poziciju zamjenika \u0161efa Resora Dr\u017eavne bezbjednosti. Zamjenik je bio tek formalno, tih godin de facto preuzima upravljanje tajnom slu\u017ebom. Stani\u0161i\u0107eva uloga u pripremi i vo\u0111enju agresije protiv BiH je sasvim jasna.&nbsp;<\/p>\n\n\n\n<h3 class=\"wp-block-heading\" id=\"h-za-to-je-umro\"><strong>Za\u0161to je umro<\/strong><\/h3>\n\n\n\n<p>Prema akademiku Filipovi\u0107u, Pozderac, u vremenu kada je iznu\u0111ena njegova ostavka na mjesto potpredsjednika Predsjedni\u0161tva SFRJ i \u010dlana Predsjedni\u0161tva SFRJ bio povrgnut sistematskom maltretiranju i saslu\u0161avanju, iako tada bio te\u0161ko bolestan.&nbsp;<\/p>\n\n\n\n<p>&#8220;Ovdje niko ne zna za\u0161to je Pozderac umro. Znamo da je jedan od glavnih razloga to da je kao potpredsjednik Predsjedni\u0161tva SFRJ trebao naslijediti prethodnika na polo\u017eaju predsjedavaju\u0107eg Predsjedni\u0161tva. Tu je i njegova izjava da je postigao sporazum s rukovodstvom autonomne pokrajine Kosova o svim budu\u0107im pitanjima ustavnog ure\u0111enja. To je bio razlog da Milo\u0161evi\u0107 naredi svojim ljudima koji su vr\u0161ili teror nad Bosnom da Hamdiju pod svaku cijenu likvidiraju&#8221;, govorio je akademik Filipovi\u0107.&nbsp;<\/p>\n\n\n\n<p>Pro\u0161lost se na Balkanu nerijetko ponavlja, ali ne uvijek u istom obliku. Treba li na primjeru kreiranja raznih afera podsjetiti kako su one i danas usmjerene protiv interesa i dr\u017eavnosti Bosne i Hercegovine? Bilo bi suvi\u0161no.&nbsp;<\/p>\n\n\n\n<p>radiosarajevo.ba<\/p>\n","protected":false},"excerpt":{"rendered":"<p>Hamdija Pozderac, jedan od najja\u010dih i najutjecajnijih politi\u010dara iz Bosne i Hercegovine u vrijeme komunizma, umro je na dana\u0161nji dan, 7. aprila 1988. godine, pod nerazja\u0161njenim okolnostima. Posebno je zaslu\u017ean za priznavanje Muslimana kao&nbsp;jednog od tri konstitutivna naroda&nbsp;u tada\u0161njoj Bosni i Hercegovini. Upravo se njegovo uklanjanje s politi\u010dke scene biv\u0161e Jugoslavije povezuje s njegovim istrajavanjem, [&hellip;]<\/p>\n","protected":false},"author":59,"featured_media":26396,"comment_status":"closed","ping_status":"closed","sticky":false,"template":"","format":"standard","meta":{"inline_featured_image":false,"footnotes":""},"categories":[47],"tags":[],"class_list":{"0":"post-26395","1":"post","2":"type-post","3":"status-publish","4":"format-standard","5":"has-post-thumbnail","7":"category-historija"},"acf":[],"_links":{"self":[{"href":"https:\/\/tvsensor.com\/api\/wp\/v2\/posts\/26395","targetHints":{"allow":["GET"]}}],"collection":[{"href":"https:\/\/tvsensor.com\/api\/wp\/v2\/posts"}],"about":[{"href":"https:\/\/tvsensor.com\/api\/wp\/v2\/types\/post"}],"author":[{"embeddable":true,"href":"https:\/\/tvsensor.com\/api\/wp\/v2\/users\/59"}],"replies":[{"embeddable":true,"href":"https:\/\/tvsensor.com\/api\/wp\/v2\/comments?post=26395"}],"version-history":[{"count":2,"href":"https:\/\/tvsensor.com\/api\/wp\/v2\/posts\/26395\/revisions"}],"predecessor-version":[{"id":26398,"href":"https:\/\/tvsensor.com\/api\/wp\/v2\/posts\/26395\/revisions\/26398"}],"wp:featuredmedia":[{"embeddable":true,"href":"https:\/\/tvsensor.com\/api\/wp\/v2\/media\/26396"}],"wp:attachment":[{"href":"https:\/\/tvsensor.com\/api\/wp\/v2\/media?parent=26395"}],"wp:term":[{"taxonomy":"category","embeddable":true,"href":"https:\/\/tvsensor.com\/api\/wp\/v2\/categories?post=26395"},{"taxonomy":"post_tag","embeddable":true,"href":"https:\/\/tvsensor.com\/api\/wp\/v2\/tags?post=26395"}],"curies":[{"name":"wp","href":"https:\/\/api.w.org\/{rel}","templated":true}]}}