{"id":26390,"date":"2021-04-07T19:08:04","date_gmt":"2021-04-07T18:08:04","guid":{"rendered":"https:\/\/senzor.ba\/?p=26390"},"modified":"2024-01-15T21:38:50","modified_gmt":"2024-01-15T20:38:50","slug":"bakir-i-senad-osigurali-svoje-porodice-poceli-zivot-iznova-u-kostajnici","status":"publish","type":"post","link":"https:\/\/tvsensor.com\/clanak\/bakir-i-senad-osigurali-svoje-porodice-poceli-zivot-iznova-u-kostajnici\/","title":{"rendered":"Bakir i Senad osigurali svoje porodice: Po\u010deli \u017eivot iznova u Kostajnici"},"content":{"rendered":"\n<figure class=\"wp-block-embed is-type-video is-provider-youtube wp-block-embed-youtube wp-embed-aspect-16-9 wp-has-aspect-ratio\"><div class=\"wp-block-embed__wrapper\">\n<iframe loading=\"lazy\" title=\"BAKIR I SENAD SU OSIGURALI SVOJE PORODICE: OVO JE NJIHOVA PRI\u010cA IZ EMISIJE MJESTO POVRATKA\" width=\"696\" height=\"392\" src=\"https:\/\/www.youtube.com\/embed\/FPMzN9sJvo4?feature=oembed\" frameborder=\"0\" allow=\"accelerometer; autoplay; clipboard-write; encrypted-media; gyroscope; picture-in-picture\" allowfullscreen><\/iframe>\n<\/div><\/figure>\n\n\n\n<p><strong>Dok Amar sa starijom sestrom provodi bezbri\u017ene dane djetinjstva igraju\u0107i se u pijesku, otac Senad bori se za njegovu egzistenciju, kao i za jo\u0161 \u010detvero djece.<\/strong><\/p>\n\n\n\n<p>Bez obzira na to \u0161to im \u017eivot ne li\u010di onom savr\u0161enom, oni ne vide budu\u0107nost nigdje drugo osim u Kostajnici gdje su se vratili po\u010detkom 2000-ih, kao i Bakir Pilau\u0161i\u0107.<\/p>\n\n\n\n<p>Nakon \u0161to je po\u010deo rat, Senad Tati\u0107 kao maloljetnik je napustio rodnu Kostajnicu. On je sa svojim roditeljima privremeno uto\u010di\u0161te 1992. godine prona\u0161ao u Njema\u010dkoj.<\/p>\n\n\n\n<figure class=\"wp-block-image\"><img decoding=\"async\" src=\"https:\/\/static.hayat.ba\/2021\/04\/senad-tatic-kostajnica-mjestopovratka-hayat-3-1024x576.jpg\" alt=\"\" class=\"wp-image-387101\"\/><\/figure>\n\n\n\n<p>Nakon dvije godine boravka tamo, odnosno kada je postao punoljetan, vratio se u Bosnu i Hercegovinu i priklju\u010dio se Armiji RBiH. Svoj mir i sigurnost na\u0161ao je odmah nakon rata prilikom povratka u rodnu Kostajnicu, gdje je osnovao sedmo\u010dlanu porodicu.<\/p>\n\n\n\n<p>&#8211; Kada sam se vratio, bio sam mlad, i onda nekako vam tada nije ni\u0161ta te\u0161ko, znate kako ka\u017eu \u2013 mladost, ludost. Ali u dubokom sje\u0107anju mi je ostala potpuno prazna ku\u0107a, nigdje ni\u0161ta u njoj, devastirana. Tada smo krenuli u obnovu. Nisam vi\u0161e nikad dobio \u017eelju za Njema\u010dkom ili za bilo gdje drugo, ipak sam ja ovdje i poznajem svaki kamen. Za opstanak ovdje je potrebna jedna firma, za stabilnost \u010ditavog mjesta\u201d, poru\u010dio je Senad.<\/p>\n\n\n\n<figure class=\"wp-block-image\"><img decoding=\"async\" src=\"https:\/\/static.hayat.ba\/2021\/04\/senad-tatic-kostajnica-mjestopovratka-hayat-1.jpg\" alt=\"\" class=\"wp-image-387099\"\/><\/figure>\n\n\n\n<p>\u017divot iznova morao je po\u010deti i Bakir Pilau\u0161i\u0107, koji nam pri\u010da kako je \u017eivot u Kostajnici dobar.<\/p>\n\n\n\n<p>&#8211; Kostajnicu sam napustio 1994. godine i oti\u0161ao u Njema\u010dku. Vratio sam se vrlo brzo, jer su mi ostali roditelji ovdje. Ustvari, oni su mi bili razlog da opet zapo\u010dnem \u017eivot na djedovini. U Kostajnici je veliki nedostatak radnih mjesta. Ve\u0107ina nas radi sezonske poslove ili uzgajamo ne\u0161to stoke, ali se bavimo i poljoprivredom. Nije to ni\u0161ta puno, jer nema tr\u017ei\u0161ta za velike koli\u010dine\u201d, govori Bakir.&nbsp;<\/p>\n\n\n\n<figure class=\"wp-block-image\"><img decoding=\"async\" src=\"https:\/\/static.hayat.ba\/2021\/04\/bakir-bilausic-kostajnica-mjestopovratka-hayat-1.jpg\" alt=\"\" class=\"wp-image-387100\"\/><\/figure>\n\n\n\n<p>Hayat<\/p>\n","protected":false},"excerpt":{"rendered":"<p>Dok Amar sa starijom sestrom provodi bezbri\u017ene dane djetinjstva igraju\u0107i se u pijesku, otac Senad bori se za njegovu egzistenciju, kao i za jo\u0161 \u010detvero djece. Bez obzira na to \u0161to im \u017eivot ne li\u010di onom savr\u0161enom, oni ne vide budu\u0107nost nigdje drugo osim u Kostajnici gdje su se vratili po\u010detkom 2000-ih, kao i Bakir [&hellip;]<\/p>\n","protected":false},"author":59,"featured_media":26391,"comment_status":"closed","ping_status":"closed","sticky":false,"template":"","format":"video","meta":{"inline_featured_image":false,"footnotes":""},"categories":[72,1244],"tags":[],"class_list":{"0":"post-26390","1":"post","2":"type-post","3":"status-publish","4":"format-video","5":"has-post-thumbnail","7":"category-video-galerija","8":"category-zanimljivosti-video-galerija","9":"post_format-post-format-video"},"acf":[],"_links":{"self":[{"href":"https:\/\/tvsensor.com\/api\/wp\/v2\/posts\/26390","targetHints":{"allow":["GET"]}}],"collection":[{"href":"https:\/\/tvsensor.com\/api\/wp\/v2\/posts"}],"about":[{"href":"https:\/\/tvsensor.com\/api\/wp\/v2\/types\/post"}],"author":[{"embeddable":true,"href":"https:\/\/tvsensor.com\/api\/wp\/v2\/users\/59"}],"replies":[{"embeddable":true,"href":"https:\/\/tvsensor.com\/api\/wp\/v2\/comments?post=26390"}],"version-history":[{"count":3,"href":"https:\/\/tvsensor.com\/api\/wp\/v2\/posts\/26390\/revisions"}],"predecessor-version":[{"id":26394,"href":"https:\/\/tvsensor.com\/api\/wp\/v2\/posts\/26390\/revisions\/26394"}],"wp:featuredmedia":[{"embeddable":true,"href":"https:\/\/tvsensor.com\/api\/wp\/v2\/media\/26391"}],"wp:attachment":[{"href":"https:\/\/tvsensor.com\/api\/wp\/v2\/media?parent=26390"}],"wp:term":[{"taxonomy":"category","embeddable":true,"href":"https:\/\/tvsensor.com\/api\/wp\/v2\/categories?post=26390"},{"taxonomy":"post_tag","embeddable":true,"href":"https:\/\/tvsensor.com\/api\/wp\/v2\/tags?post=26390"}],"curies":[{"name":"wp","href":"https:\/\/api.w.org\/{rel}","templated":true}]}}