{"id":26343,"date":"2021-04-07T08:49:34","date_gmt":"2021-04-07T07:49:34","guid":{"rendered":"https:\/\/senzor.ba\/?p=26343"},"modified":"2024-01-15T21:38:51","modified_gmt":"2024-01-15T20:38:51","slug":"svjetski-dan-zdravlja-pandemija-potkopala-zdravstvene-pomake","status":"publish","type":"post","link":"https:\/\/tvsensor.com\/clanak\/svjetski-dan-zdravlja-pandemija-potkopala-zdravstvene-pomake\/","title":{"rendered":"Svjetski dan zdravlja -Pandemija potkopala zdravstvene pomake"},"content":{"rendered":"\n<p>Svake godine 7. aprila obilje\u017eava se Svjetski dan zdravlja, podsje\u0107a Institut za zdravlje i sigurnost hrane iz Zenice.<\/p>\n\n\n\n<p>Na prvoj skup\u0161tini Svjetske zdravstvene organizacije 1948. godine i od stupanja na snagu 1950. godine, cilj proslave je bio stvaranje svijesti o odre\u0111enoj zdravstvenoj temi kako bi se istaknulo prioritetno podru\u010dje od va\u017enosti za Svjetsku zdravstvenu organizaciju (SZO\/WHO), navode iz tog instituta.<\/p>\n\n\n\n<p>Ove godine je jedinstveni slogan &#8220;Izgradnja pravednijeg, zdravijeg svijeta za sve&#8221;.<\/p>\n\n\n\n<p>COVID-19 te\u0161ko je pogodio sve zemlje, ali njegov je uticaj bio najve\u0107i na zajednice koje su ve\u0107 bile ranjive. Te su grupe izlo\u017eenije bolesti, manje je vjerovatno da \u0107e imati pristup kvalitetnim zdravstvenim uslugama i vjerovatnije \u0107e imati negativne posljedice kao rezultat mjera provedenih za suzbijanje pandemije. Te nejednakosti nisu nove.<\/p>\n\n\n\n<p>Iako je svijet vidio pobolj\u0161anja u prosje\u010dnom nivou zdravlja i o\u010dekivanog \u017eivota i smanjenja prerane smrtnosti, ovi dobici nisu podijeljeni na jednak na\u010din me\u0111u razli\u010ditim dijelovima dru\u0161tva unutar i me\u0111u dr\u017eavama. Razlike se uo\u010davaju i u svakom \u017eivotnom dobu, od ranih godina do kraja \u017eivota.<\/p>\n\n\n\n<p>To nije samo nepravedno, ve\u0107 je i mogu\u0107e sprije\u010diti. Zbog toga zdravstveni stru\u010dnjaci \u0161irom planete pozivaju vlasti na svim nivoima da osiguraju za sve \u017eivotne i radne uvjete koji pogoduju dobrom zdravlju.<\/p>\n\n\n\n<p>&#8211; U isto vrijeme, apeliramo da lideri nadgledaju nejednakosti u zdravlju i osiguraju da svi ljudi mogu pristupiti kvalitetnim zdravstvenim uslugama kada i gdje im trebaju. Dokazi su jasni: pru\u017eanje podjednako dobrog \u017eivota i djevoj\u010dicama i dje\u010dacima i rje\u0161avanje zdravlja kroz \u017eivotni put presudno je za dobrobit, razvoj, odr\u017eivost i otpornost dana\u0161njeg dru\u0161tva i budu\u0107ih generacija. Tokom proteklih 50 godina, ovo je izbacilo na vidjelo va\u017ene zdravstvene probleme kao \u0161to su mentalno zdravlje, briga o majkama i djeci i klimatske promene.<\/p>\n\n\n\n<p>Proslavu obilje\u017eavaju aktivnosti koje prelaze i sam dan i slu\u017ei kao prilika da se svjetska pa\u017enja usredoto\u010di na ove va\u017ene aspekte globalnog zdravlja &#8211; isti\u010du u Institutu za zdravlje i sigurnost hrane iz Zenice.<\/p>\n\n\n\n<p>Pandemija COVID-19 potkopala je zdravstvene pomake, gurnula vi\u0161e ljudi u siroma\u0161tvo i nesigurnost hrane i poja\u010dala rodne, socijalne i zdravstvene nejednakosti.<\/p>\n\n\n\n<p>Kampanja isti\u010de ustavni princip Svjetske zdravstvene organizacije da je &#8220;u\u017eivanje najvi\u0161eg mogu\u0107eg zdravstvenog standarda jedno od temeljnih prava svakog \u010dovjeka bez obzira na njegovu rasu, vjeru, politi\u010dko uvjerenje, ekonomsko ili socijalno stanje.<\/p>\n\n\n\n<p>Po prvi put u 20 godina, predvi\u0111a se porast globalnog nivoa siroma\u0161tva i ometanje napretka ka ciljevima odr\u017eivog razvoja. Do 60 posto ljudi koji \u017eive u nekim zemljama nema osigurane osnovne zdravstvene usluge. Vi\u0161e od milijardu ljudi koji \u017eive u neformalnim naseljima ili sirotinjskim \u010detvrtima suo\u010deni su s pove\u0107anim izazovima u spre\u010davanju zaraze i prijenosa koronavirusa, navodi tako\u0111er Institut za zdravlje i sigurnost hrane povodom 7. aprila, Svjetskog dana zdravlja.<\/p>\n","protected":false},"excerpt":{"rendered":"<p>Svake godine 7. aprila obilje\u017eava se Svjetski dan zdravlja, podsje\u0107a Institut za zdravlje i sigurnost hrane iz Zenice. Na prvoj skup\u0161tini Svjetske zdravstvene organizacije 1948. godine i od stupanja na snagu 1950. godine, cilj proslave je bio stvaranje svijesti o odre\u0111enoj zdravstvenoj temi kako bi se istaknulo prioritetno podru\u010dje od va\u017enosti za Svjetsku zdravstvenu organizaciju [&hellip;]<\/p>\n","protected":false},"author":59,"featured_media":26344,"comment_status":"closed","ping_status":"closed","sticky":false,"template":"","format":"standard","meta":{"inline_featured_image":false,"footnotes":""},"categories":[377],"tags":[],"class_list":{"0":"post-26343","1":"post","2":"type-post","3":"status-publish","4":"format-standard","5":"has-post-thumbnail","7":"category-zdravlje"},"acf":[],"_links":{"self":[{"href":"https:\/\/tvsensor.com\/api\/wp\/v2\/posts\/26343","targetHints":{"allow":["GET"]}}],"collection":[{"href":"https:\/\/tvsensor.com\/api\/wp\/v2\/posts"}],"about":[{"href":"https:\/\/tvsensor.com\/api\/wp\/v2\/types\/post"}],"author":[{"embeddable":true,"href":"https:\/\/tvsensor.com\/api\/wp\/v2\/users\/59"}],"replies":[{"embeddable":true,"href":"https:\/\/tvsensor.com\/api\/wp\/v2\/comments?post=26343"}],"version-history":[{"count":1,"href":"https:\/\/tvsensor.com\/api\/wp\/v2\/posts\/26343\/revisions"}],"predecessor-version":[{"id":26345,"href":"https:\/\/tvsensor.com\/api\/wp\/v2\/posts\/26343\/revisions\/26345"}],"wp:featuredmedia":[{"embeddable":true,"href":"https:\/\/tvsensor.com\/api\/wp\/v2\/media\/26344"}],"wp:attachment":[{"href":"https:\/\/tvsensor.com\/api\/wp\/v2\/media?parent=26343"}],"wp:term":[{"taxonomy":"category","embeddable":true,"href":"https:\/\/tvsensor.com\/api\/wp\/v2\/categories?post=26343"},{"taxonomy":"post_tag","embeddable":true,"href":"https:\/\/tvsensor.com\/api\/wp\/v2\/tags?post=26343"}],"curies":[{"name":"wp","href":"https:\/\/api.w.org\/{rel}","templated":true}]}}