{"id":26336,"date":"2021-04-07T08:38:36","date_gmt":"2021-04-07T07:38:36","guid":{"rendered":"https:\/\/senzor.ba\/?p=26336"},"modified":"2024-01-15T21:38:52","modified_gmt":"2024-01-15T20:38:52","slug":"komsic-covic-zeli-da-realizuju-ono-sto-nisu-uspjeli-u-ratu","status":"publish","type":"post","link":"https:\/\/tvsensor.com\/clanak\/komsic-covic-zeli-da-realizuju-ono-sto-nisu-uspjeli-u-ratu\/","title":{"rendered":"Kom\u0161i\u0107: \u010covi\u0107 \u017eeli da realizuju ono \u0161to nisu uspjeli u ratu"},"content":{"rendered":"\n<p><strong>\u010clan Predsjedni\u0161tva BiH \u017deljko Kom\u0161i\u0107 u razgovoru za O kanal govorio je, izme\u0111u ostalog, o pitanju izmjena Izbornog zakona i ulaska BiH u NATO savez.<\/strong><\/p>\n\n\n\n<p>Na pitanje misli li da \u0107e SDA, HDZ i SNSD prona\u0107i zajedni\u010dki jezik oko izmjena Izbornog zakon i ograni\u010denih ustavnih reformi, Kom\u0161i\u0107 ka\u017ee:<\/p>\n\n\n\n<p>&#8211; Ne vjerujem. Ne vjerujem da \u0107e se desiti niti jedno niti drugo. Ne postoji ni minimum koncenzusa, saglasnosti oko toga kojim putem i\u0107i u izmjenama Izbornog zakona i pogotovo eventualnim izmjenama Ustava. Mada u tom pismu se govori, zapravo, o manjim izmjenama Ustava u cilju implementacije presuda Evropskog suda za ljudska prava, jer ova presuda \u201cLjubi\u0107\u201d, ona je svakako ve\u0107 implementirana.<\/p>\n\n\n\n<p>&#8211; Mislim da \u0107e otpori do\u0107i prije svega od HDZ-a i SNSD-a. SDA, bar na nivou izjava, pokazuje spremnost da se ti va\u017eni akti, poput izmjena Izbornog zakona, Ustava, mijenjaju s nekim standardima koji su nam stavljeni kao obavezna stvar.<\/p>\n\n\n\n<p>&#8211; Dakle, da se usagla\u0161ava ta praksa sa praksom prije svega po\u0161tivanja osnovnih ljudskih prava. Ka\u017eem, SDA to na nivou izjava pokazuje. S druge strane, kad govorimo o politikama iz RS-a \u2013 namjerno ne ka\u017eem samo Dodika nego politikama iz RS-a, tu postoji gotovo jedinstven stav da nema nikakvih izmjena niti Izbornog zakona niti Ustava na na\u010din kako to tra\u017ei, naprimjer, Evropski sud za ljudska prava, kako se to tra\u017ei u Mi\u0161ljenju Evropske komisije, onih 14 prioriteta, pa vjerovatno, pretpostavljam, \u0161to bi tra\u017eila i ameri\u010dka administracija, odnosno na normalan na\u010din, jer oni u svemu tome vide opasnost po RS i preuzimanje nadle\u017enosti.<\/p>\n\n\n\n<p>&#8211; S druge strane, politika koju zastupa HNS \u2013 HDZ i Dragan \u010covi\u0107 li\u010dno, tako\u0111er ne \u017eeli da ide u pravcu ovom, o kojem smo govorili, za\u0161tite osnovnih ljudskih prava i unaprje\u0111enja cijelog sistema koji \u0107e biti baziran na tome, nego \u017eele da realizuju ono \u0161to nisu uspjeli u ratu, a to je da uokvire, spoje etni\u010dko i teritorijalno i da to bude osnov i za svaki ciklus izbora i da to bude ustavni osnov za funkcionisanje BiH. Dakle, smatram da sudaraju se sa svim onim \u0161to je logi\u010dno i demokratski i sa svim onim \u0161to treba BiH.<\/p>\n","protected":false},"excerpt":{"rendered":"<p>\u010clan Predsjedni\u0161tva BiH \u017deljko Kom\u0161i\u0107 u razgovoru za O kanal govorio je, izme\u0111u ostalog, o pitanju izmjena Izbornog zakona i ulaska BiH u NATO savez. Na pitanje misli li da \u0107e SDA, HDZ i SNSD prona\u0107i zajedni\u010dki jezik oko izmjena Izbornog zakon i ograni\u010denih ustavnih reformi, Kom\u0161i\u0107 ka\u017ee: &#8211; Ne vjerujem. Ne vjerujem da \u0107e [&hellip;]<\/p>\n","protected":false},"author":59,"featured_media":26337,"comment_status":"closed","ping_status":"closed","sticky":false,"template":"","format":"standard","meta":{"inline_featured_image":false,"footnotes":""},"categories":[234],"tags":[],"class_list":{"0":"post-26336","1":"post","2":"type-post","3":"status-publish","4":"format-standard","5":"has-post-thumbnail","7":"category-politika"},"acf":[],"_links":{"self":[{"href":"https:\/\/tvsensor.com\/api\/wp\/v2\/posts\/26336","targetHints":{"allow":["GET"]}}],"collection":[{"href":"https:\/\/tvsensor.com\/api\/wp\/v2\/posts"}],"about":[{"href":"https:\/\/tvsensor.com\/api\/wp\/v2\/types\/post"}],"author":[{"embeddable":true,"href":"https:\/\/tvsensor.com\/api\/wp\/v2\/users\/59"}],"replies":[{"embeddable":true,"href":"https:\/\/tvsensor.com\/api\/wp\/v2\/comments?post=26336"}],"version-history":[{"count":1,"href":"https:\/\/tvsensor.com\/api\/wp\/v2\/posts\/26336\/revisions"}],"predecessor-version":[{"id":26338,"href":"https:\/\/tvsensor.com\/api\/wp\/v2\/posts\/26336\/revisions\/26338"}],"wp:featuredmedia":[{"embeddable":true,"href":"https:\/\/tvsensor.com\/api\/wp\/v2\/media\/26337"}],"wp:attachment":[{"href":"https:\/\/tvsensor.com\/api\/wp\/v2\/media?parent=26336"}],"wp:term":[{"taxonomy":"category","embeddable":true,"href":"https:\/\/tvsensor.com\/api\/wp\/v2\/categories?post=26336"},{"taxonomy":"post_tag","embeddable":true,"href":"https:\/\/tvsensor.com\/api\/wp\/v2\/tags?post=26336"}],"curies":[{"name":"wp","href":"https:\/\/api.w.org\/{rel}","templated":true}]}}