{"id":26304,"date":"2021-04-06T16:23:05","date_gmt":"2021-04-06T15:23:05","guid":{"rendered":"https:\/\/senzor.ba\/?p=26304"},"modified":"2024-01-15T21:38:53","modified_gmt":"2024-01-15T20:38:53","slug":"106-g-od-smrti-muse-cazim-catica-velikana-bosnjacke-knjizevnosti","status":"publish","type":"post","link":"https:\/\/tvsensor.com\/clanak\/106-g-od-smrti-muse-cazim-catica-velikana-bosnjacke-knjizevnosti\/","title":{"rendered":"106 g. od smrti Muse \u0106azim \u0106ati\u0107a \u2013 velikana bo\u0161nja\u010dke knji\u017eevnosti"},"content":{"rendered":"\n<p><strong>Musa \u0106azim \u0106ati\u0107 (12. mart 1878 \u2013 6. april 1915) bio je bo\u0161nja\u010dki pjesnik, ro\u0111en u Od\u017eaku gdje je poha\u0111ao mekteb i osnovnu \u0161kolu, a nakon o\u010deve smrti i maj\u010dine preudaje seli se u Te\u0161anj, u\u010di brija\u010dki zanat, upisuje se u medresu i u\u010di kod te\u0161anjskog muftije Mesud efendije Smajlbegovi\u0107a turski, arapski i perzijski jezik.<\/strong><\/p>\n\n\n\n<p>Godine&nbsp;1898. odlazi u&nbsp;Carigrad, gdje se upoznaje s Osmanom \u0110iki\u0107em, a ve\u0107 slijede\u0107e godine vra\u0107a se ku\u0107i i potom tri godine slu\u017ei vojsku u&nbsp;Tuzli&nbsp;i&nbsp;Budimpe\u0161ti. Otuda ponovo odlazi u Carigrad, gdje poha\u0111a medresu Mektebi numuci terekki, a zatim prelazi u gimnaziju. Usljed imovinskih neprilika vra\u0107a se u&nbsp;Sarajevo&nbsp;i tu upisuje \u0160erijatsku suda\u010dku \u0161kolu. Ve\u0107 tada sara\u0111uje u brojnim listovima, ponajvi\u0161e u&nbsp;<em>Beharu<\/em>.<\/p>\n\n\n\n<p>Nakon \u0161to je zbog bohemskog \u017eivota isklju\u010den iz internata, preuzima uredni\u0161tvo&nbsp;<em>Behara<\/em>, diplomira, odlazi u&nbsp;Zagreb, upisuje Pravni fakultet, dru\u017ei se s Mato\u0161em i Tinom i&nbsp;1910. godine vra\u0107a se u Bosnu, gdje u vi\u0161e mjesta (Bijeljina, Te\u0161anj, Sarajevo) slu\u017ebuje da bi napokon preuzeo \u010dasopis&nbsp;<em>Biser<\/em>&nbsp;u&nbsp;Mostaru&nbsp;i sav se posvetio spisateljskom radu: pi\u0161e pjesme, eseje, kritike, prevodi brojne studije i knjige, za Kalajd\u017ei\u0107evu Muslimansku biblioteku, me\u0111u kojima je i&nbsp;<em>Borba polumjeseca i krsta<\/em>&nbsp;turskog autora Halila Halida (1913.).<\/p>\n\n\n\n<figure class=\"wp-block-image\"><img decoding=\"async\" src=\"https:\/\/static.hayat.ba\/2021\/04\/musa-cazim-catic5-658x372-1.jpg\" alt=\"\" class=\"wp-image-386313\"\/><\/figure>\n\n\n\n<p>Ali, ve\u0107 1914. ponovo biva mobilisan, preba\u010den u Tuzlu, pa u \u00d6rk\u00e9ny u&nbsp;Ma\u0111arskoj. Tada se razbolio od&nbsp;tuberkuloze, pa je poslije kratkog lije\u010denja vra\u0107en u Te\u0161anj gdje umire.<\/p>\n\n\n\n<p>Na njegovom mezaru u Te\u0161nju stoji isklesano: \u201cOvdje le\u017ei pjesnik odli\u010dnoga dara, koji nije tra\u017eio \u010dasti ni \u0161i\u0107ara, ve\u0107 boemski \u017eivio i \u010duvenstveno pjevo, dok ga smrt ne doprati do ovog mezara.\u201d<\/p>\n\n\n\n<p>Mnoge \u0161kole u Bosni i Hercegovini nose njegovo ime me\u0111u kojima je i te\u0161anjska&nbsp;Gimnazija \u201cMusa \u0106azim \u0106ati\u0107\u201d.<\/p>\n\n\n\n<p>Sva njegova djela su naknadno sabrana u dvije knjige: Izvorna poezija i Izvorna i prevedena proza, pod nazivom&nbsp;<em>Sabrana djela<\/em>.<\/p>\n","protected":false},"excerpt":{"rendered":"<p>Musa \u0106azim \u0106ati\u0107 (12. mart 1878 \u2013 6. april 1915) bio je bo\u0161nja\u010dki pjesnik, ro\u0111en u Od\u017eaku gdje je poha\u0111ao mekteb i osnovnu \u0161kolu, a nakon o\u010deve smrti i maj\u010dine preudaje seli se u Te\u0161anj, u\u010di brija\u010dki zanat, upisuje se u medresu i u\u010di kod te\u0161anjskog muftije Mesud efendije Smajlbegovi\u0107a turski, arapski i perzijski jezik. [&hellip;]<\/p>\n","protected":false},"author":59,"featured_media":26305,"comment_status":"closed","ping_status":"closed","sticky":false,"template":"","format":"standard","meta":{"inline_featured_image":false,"footnotes":""},"categories":[47,49],"tags":[],"class_list":{"0":"post-26304","1":"post","2":"type-post","3":"status-publish","4":"format-standard","5":"has-post-thumbnail","7":"category-historija","8":"category-knjizevni-kutak"},"acf":[],"_links":{"self":[{"href":"https:\/\/tvsensor.com\/api\/wp\/v2\/posts\/26304","targetHints":{"allow":["GET"]}}],"collection":[{"href":"https:\/\/tvsensor.com\/api\/wp\/v2\/posts"}],"about":[{"href":"https:\/\/tvsensor.com\/api\/wp\/v2\/types\/post"}],"author":[{"embeddable":true,"href":"https:\/\/tvsensor.com\/api\/wp\/v2\/users\/59"}],"replies":[{"embeddable":true,"href":"https:\/\/tvsensor.com\/api\/wp\/v2\/comments?post=26304"}],"version-history":[{"count":1,"href":"https:\/\/tvsensor.com\/api\/wp\/v2\/posts\/26304\/revisions"}],"predecessor-version":[{"id":26306,"href":"https:\/\/tvsensor.com\/api\/wp\/v2\/posts\/26304\/revisions\/26306"}],"wp:featuredmedia":[{"embeddable":true,"href":"https:\/\/tvsensor.com\/api\/wp\/v2\/media\/26305"}],"wp:attachment":[{"href":"https:\/\/tvsensor.com\/api\/wp\/v2\/media?parent=26304"}],"wp:term":[{"taxonomy":"category","embeddable":true,"href":"https:\/\/tvsensor.com\/api\/wp\/v2\/categories?post=26304"},{"taxonomy":"post_tag","embeddable":true,"href":"https:\/\/tvsensor.com\/api\/wp\/v2\/tags?post=26304"}],"curies":[{"name":"wp","href":"https:\/\/api.w.org\/{rel}","templated":true}]}}