{"id":26142,"date":"2021-04-03T17:36:52","date_gmt":"2021-04-03T16:36:52","guid":{"rendered":"https:\/\/senzor.ba\/?p=26142"},"modified":"2024-01-15T21:38:59","modified_gmt":"2024-01-15T20:38:59","slug":"uposlenici-sumarije-organizirali-ekolosku-akciju-u-tesnju","status":"publish","type":"post","link":"https:\/\/tvsensor.com\/clanak\/uposlenici-sumarije-organizirali-ekolosku-akciju-u-tesnju\/","title":{"rendered":"Uposlenici \u0160umarije organizirali ekolo\u0161ku akciju u Te\u0161nju"},"content":{"rendered":"\n<p>Nakon \u0161to su prije pet godina na lokalitetu Crnog vrha podigli arboretum, manju povr\u0161inu s vi\u0161e \u0161umskih vrsta, uposlenici \u0160umsko-privrednog dru\u0161tva Zeni\u010dko-dobojskog kantona &#8211; Poslovne jedinice \u0160umarija Te\u0161anj i ove su godine o\u010distili i uredili ovo podru\u010dje.<\/p>\n\n\n\n<p>Sadnice su tretirane odgovaraju\u0107im agrotehni\u010dkim mjerama, a podru\u010dje je, izme\u0111u ostalog, o\u010di\u0161\u0107eno i od otpada koji iza sebe prilikom boravka u prirodi i dalje ostavljaju neodgovorni gra\u0111ani.<\/p>\n\n\n\n<p>Arboretum je podignut s ciljem za\u0161tite, prezentacije i edukacije, u prvom redu \u0161kolske omladine, o \u0161umskim vrstama koje se uzgajaju na ovom podru\u010dju.<\/p>\n\n\n\n<p>&#8211; Divlja tre\u0161nja, sivi orah, divlji kesten, javor, jasen, sve lisi\u010darske vrste koje uzgajamo u svom rasadniku i koje, tako\u0111er, introdukujemo u na\u0161e \u0161ume \u2013 navodi Samira Smailbegovi\u0107, upravnica PS \u0160umarija Te\u0161anj JP \u0160PD ZDK.<\/p>\n\n\n\n<p>&#8211; Trenutno stanje je jako dobro jer svake godine dolazimo da \u010distimo. Ovo je ve\u0107 peta godina kako dolazimo da \u010distimo i jako sam zadovoljan stanjem \u2013 isti\u010de mr. Ajdin \u0110onlagi\u0107, tehnolog za uzgoj i za\u0161titu \u0161uma.<\/p>\n\n\n\n<p>Na\u017ealost, uz odr\u017eavanje sadnica, uposlenici \u0160umarije su i ove godine, iza neodgovornih sugra\u0111ana, morali po\u010distiti sme\u0107e.<\/p>\n\n\n\n<p>&#8211; Jedna poruka za sve koji dolaze ovdje: slobodno mogu do\u0107i, ali da ne ostavljaju sme\u0107e za sobom \u2013 naglasio je u\u010desnik akcije Ned\u017ead Mervanovi\u0107.<\/p>\n\n\n\n<p>Akcija je organizirana u povodu Me\u0111unarodnog dana \u0161uma.<\/p>\n\n\n\n<p>Video pogledajte <a href=\"https:\/\/www.federalna.ba\/storage\/2021\/april\/03.04.2021\/d1_muhamed.mp4\">OVDJE<\/a>.<\/p>\n","protected":false},"excerpt":{"rendered":"<p>Nakon \u0161to su prije pet godina na lokalitetu Crnog vrha podigli arboretum, manju povr\u0161inu s vi\u0161e \u0161umskih vrsta, uposlenici \u0160umsko-privrednog dru\u0161tva Zeni\u010dko-dobojskog kantona &#8211; Poslovne jedinice \u0160umarija Te\u0161anj i ove su godine o\u010distili i uredili ovo podru\u010dje. Sadnice su tretirane odgovaraju\u0107im agrotehni\u010dkim mjerama, a podru\u010dje je, izme\u0111u ostalog, o\u010di\u0161\u0107eno i od otpada koji iza sebe [&hellip;]<\/p>\n","protected":false},"author":59,"featured_media":26144,"comment_status":"closed","ping_status":"closed","sticky":false,"template":"","format":"standard","meta":{"inline_featured_image":false,"footnotes":""},"categories":[443],"tags":[],"class_list":{"0":"post-26142","1":"post","2":"type-post","3":"status-publish","4":"format-standard","5":"has-post-thumbnail","7":"category-ekologija"},"acf":[],"_links":{"self":[{"href":"https:\/\/tvsensor.com\/api\/wp\/v2\/posts\/26142","targetHints":{"allow":["GET"]}}],"collection":[{"href":"https:\/\/tvsensor.com\/api\/wp\/v2\/posts"}],"about":[{"href":"https:\/\/tvsensor.com\/api\/wp\/v2\/types\/post"}],"author":[{"embeddable":true,"href":"https:\/\/tvsensor.com\/api\/wp\/v2\/users\/59"}],"replies":[{"embeddable":true,"href":"https:\/\/tvsensor.com\/api\/wp\/v2\/comments?post=26142"}],"version-history":[{"count":1,"href":"https:\/\/tvsensor.com\/api\/wp\/v2\/posts\/26142\/revisions"}],"predecessor-version":[{"id":26145,"href":"https:\/\/tvsensor.com\/api\/wp\/v2\/posts\/26142\/revisions\/26145"}],"wp:featuredmedia":[{"embeddable":true,"href":"https:\/\/tvsensor.com\/api\/wp\/v2\/media\/26144"}],"wp:attachment":[{"href":"https:\/\/tvsensor.com\/api\/wp\/v2\/media?parent=26142"}],"wp:term":[{"taxonomy":"category","embeddable":true,"href":"https:\/\/tvsensor.com\/api\/wp\/v2\/categories?post=26142"},{"taxonomy":"post_tag","embeddable":true,"href":"https:\/\/tvsensor.com\/api\/wp\/v2\/tags?post=26142"}],"curies":[{"name":"wp","href":"https:\/\/api.w.org\/{rel}","templated":true}]}}