{"id":26139,"date":"2021-04-03T17:29:15","date_gmt":"2021-04-03T16:29:15","guid":{"rendered":"https:\/\/senzor.ba\/?p=26139"},"modified":"2024-01-15T21:38:59","modified_gmt":"2024-01-15T20:38:59","slug":"krug-99-komsic-je-u-bruxelles-poslao-upozorenje-eu-daje-prednost-onima-koji-ruse-bih","status":"publish","type":"post","link":"https:\/\/tvsensor.com\/clanak\/krug-99-komsic-je-u-bruxelles-poslao-upozorenje-eu-daje-prednost-onima-koji-ruse-bih\/","title":{"rendered":"\u201cKRUG 99\u201d: Kom\u0161i\u0107 je u Bruxelles poslao upozorenje, EU daje prednost onima koji ru\u0161e BiH"},"content":{"rendered":"\n<p>Asocijacija nezavisnih intelektualaca \u201cKrug 99\u201d oglasila se saop\u0107enjem povodom \u201cnon-paper\u201d dokumenta koji je \u010dlan Predsjedni\u0161tva BiH \u017deljko Kom\u0161i\u0107 poslao u Bruxelles.<\/p>\n\n\n\n<p>Oni su u svom obra\u0107anju pru\u017eili podr\u0161ku \u017deljku Kom\u0161i\u0107u zbog slanja ovog dokumenta, navode\u0107i da je Kom\u0161i\u0107 poslao upozorenje EU, a posebno su se osvrnuli na politiku koju EU vodi prema na\u0161oj zemlji.<\/p>\n\n\n\n<p>Saop\u0107enje Asocijacije nezavisnih intelektualaca \u201cKrug 99\u201d prenosimo u cijelosti:<\/p>\n\n\n\n<p>\u2013 Da mo\u0107 stereotipa o Bosni kao \u201etamnom vilajetu\u201c proizvo\u0111enog ve\u0107 dva stolje\u0107a u politici, kulturi i propagandi aspiranata i povremenih osvaja\u010da njenih teritorija, bili oni sa istoka ili zapada, traju i danas, a \u0161to potvr\u0111uje ansambl \u0161to ratnih, \u0161to poratnih, ali i dana\u0161njih silnica koje ho\u0107e da ostave BiH izvan zajednice liberalno demokratskih dru\u0161tava i dr\u017eava.<\/p>\n\n\n\n<p>Nedavni neslu\u017ebeni diplomatski dokument, \u201cnon-paper\u201d o Bosni i Hercegovini, koji je inicirala Hrvatska, a pridru\u017eilo joj se jo\u0161 pet zemalja \u2013 Slovenija, Ma\u0111arska, Bugarska, Gr\u010dka i Kipar, rje\u010dit je u svojoj namjeri odr\u017eanja stanja status quo-a i \u010dinjenja jo\u0161 nefunkcionalnije dr\u017eave BiH. Me\u0111u njima su, na \u017ealost, i one zemlje koje su prve priznale nezavisnost Republike BiH i njeno punopravno \u010dlanstvo u Ujedinjenim nacijama, ili pak one koje su prve zapo\u010dele proces disolucije Jugoslavije \u010diju najve\u0107u cijenu i posljedice udru\u017eenog zlo\u010dina\u010dkog poduhvata i genocida je podnijela upravo BiH. Jo\u0161 je rje\u010ditija \u0161utnja aktera internacionalne zajednice i \u010dlanica EU na taj neprijateljski gest pomenutih zemalja na gradnju strate\u0161ke projekcije prema demokratskom ure\u0111enju BiH.<\/p>\n\n\n\n<p>Ipak, brza reakcija i akcenti iz poruka nekih predstavnika internacionalne zajednice u BiH, na neslu\u017ebeni \u201enon paper\u201c dokument, koji je \u010dlan Predsjedni\u0161tva Bosne i Hercegovine, \u017deljko Kom\u0161i\u0107 uputio u sjedi\u0161te Evropske unije u Briselu, glasno je upozorenje u kom pravcu bi mogla i\u0107i neprincipijelna real-politika prema politi\u010dkom ure\u0111enju BiH. Kao dio civilnog dru\u0161tva, koji se manifestira kroz nevladin sektor, Krug 99 ve\u0107 decenijama istrajava na zastupanju potrebe transformacije ustavnog aran\u017emana u Bosni i Hercegovini sa etno-nacionalnog na gra\u0111anski koncept, u kojem \u0107e svaki gra\u0111anin imati istovjetna ljudska i gra\u0111anska politi\u010dka prava.<\/p>\n\n\n\n<p>Indikativno je da Delegacija Evropske unije u Bosni i Hercegovini, i neki drugi va\u017eni akteri, skoro nikako ne govori o za\u0161titi ljudskih prava i temeljnih sloboda na individualnom nivou, a u prakti\u010dno politi\u010dkom djelovanju svjesno ili nesvjesno daju prednost etni\u010dkim politikama, koje su klju\u010dni protagonisti nestabilnosti, politike blokada dr\u017eavnih institucija i uru\u0161avanja dr\u017eavnog subjektiviteta. Na\u0161a zabrinutost je tim ve\u0107a \u0161to Delegacija Evropske unije u Bosni i Hercegovini, kao reprezent politika iz Brisela, upravo o tome \u0161uti i ne isti\u010de najva\u017enije evropske standarde liberalne demokracije koje treba primjeniti i u na\u0161oj zemlji, niti isti\u010de strate\u0161ki EU okvir politike izgradnje politi\u010dkog ure\u0111enja sadr\u017eanog velikim dijelom i u Mi\u0161ljenju EK..<\/p>\n\n\n\n<p>Nagla\u0161avamo da je nu\u017ena jasna reakcija slu\u017ebenog Brisela, jer ovo sada\u0161nje, kako isti\u010du upravo i najbolji evropski i ameri\u010dki znalci stanja u ovoj zemlji, prljavih politi\u010dkih deal-ova u BiH, kako bi se vje\u0161ta\u010dki stvorile okolnosti o neodr\u017eivosti Bosne i Hercegovine. A to iz tragi\u010dnog iskustva nedavne pro\u0161losti mo\u017ee voditi ka ne\u017eeljenim i nekontroliranim posljedicama.<\/p>\n\n\n\n<p>Zbog toga je nu\u017ean jasan stav oficijelnog Brisela o non-paper-u dr\u017eavotvornog Kom\u0161i\u0107a, o tome da li Bosna i Hercegovina treba da odbaci etni\u010dki sistem vlasti koji sadr\u017ei potpuni nedostatak vladavine prava, demokratije, ljudskih i gra\u0111anskih politi\u010dkih prava i temeljnih sloboda ili treba da dalje propada sa sada\u0161njim etni\u010dkim sistemom u kojem dominira sistemska diskriminacija i korupcija u razli\u010ditim segmentima dru\u0161tva.<\/p>\n\n\n\n<p>Takav stav iz sjedi\u0161ta Evropske unije, nu\u017eno \u0107e utjecati na kona\u010dni stav gra\u0111ana Bosne i Hercegovine o \u017eeljenim evropskim integracijama. Ako \u0107e sama Evropska unija, zarad komoditeta njenih predstavnika u Bosni i Hercegovini, prepustiti ovu zemlju u ruke autokratsko-etni\u010dkih politika i odustati od vlastitih vrijednosti, onda \u0107e do\u0107i vrijeme u kojem \u0107e gra\u0111ani ove zemlje zauzeti potpuno druga\u010diji stav i o Evropskoj uniji. Jer, Bosni i Hercegovini su liberalni demokratski standardi u izgradnji slobodne i prosperitetne demokratske nacije, va\u017eniji od tehni\u010dkih integracija i ostajanja izvan zajednice demokratskih dr\u017eava, pa bile one i evropske.<\/p>\n","protected":false},"excerpt":{"rendered":"<p>Asocijacija nezavisnih intelektualaca \u201cKrug 99\u201d oglasila se saop\u0107enjem povodom \u201cnon-paper\u201d dokumenta koji je \u010dlan Predsjedni\u0161tva BiH \u017deljko Kom\u0161i\u0107 poslao u Bruxelles. Oni su u svom obra\u0107anju pru\u017eili podr\u0161ku \u017deljku Kom\u0161i\u0107u zbog slanja ovog dokumenta, navode\u0107i da je Kom\u0161i\u0107 poslao upozorenje EU, a posebno su se osvrnuli na politiku koju EU vodi prema na\u0161oj zemlji. Saop\u0107enje [&hellip;]<\/p>\n","protected":false},"author":59,"featured_media":26140,"comment_status":"closed","ping_status":"closed","sticky":false,"template":"","format":"standard","meta":{"inline_featured_image":false,"footnotes":""},"categories":[376,234],"tags":[],"class_list":{"0":"post-26139","1":"post","2":"type-post","3":"status-publish","4":"format-standard","5":"has-post-thumbnail","7":"category-featured","8":"category-politika"},"acf":[],"_links":{"self":[{"href":"https:\/\/tvsensor.com\/api\/wp\/v2\/posts\/26139","targetHints":{"allow":["GET"]}}],"collection":[{"href":"https:\/\/tvsensor.com\/api\/wp\/v2\/posts"}],"about":[{"href":"https:\/\/tvsensor.com\/api\/wp\/v2\/types\/post"}],"author":[{"embeddable":true,"href":"https:\/\/tvsensor.com\/api\/wp\/v2\/users\/59"}],"replies":[{"embeddable":true,"href":"https:\/\/tvsensor.com\/api\/wp\/v2\/comments?post=26139"}],"version-history":[{"count":1,"href":"https:\/\/tvsensor.com\/api\/wp\/v2\/posts\/26139\/revisions"}],"predecessor-version":[{"id":26141,"href":"https:\/\/tvsensor.com\/api\/wp\/v2\/posts\/26139\/revisions\/26141"}],"wp:featuredmedia":[{"embeddable":true,"href":"https:\/\/tvsensor.com\/api\/wp\/v2\/media\/26140"}],"wp:attachment":[{"href":"https:\/\/tvsensor.com\/api\/wp\/v2\/media?parent=26139"}],"wp:term":[{"taxonomy":"category","embeddable":true,"href":"https:\/\/tvsensor.com\/api\/wp\/v2\/categories?post=26139"},{"taxonomy":"post_tag","embeddable":true,"href":"https:\/\/tvsensor.com\/api\/wp\/v2\/tags?post=26139"}],"curies":[{"name":"wp","href":"https:\/\/api.w.org\/{rel}","templated":true}]}}