{"id":26126,"date":"2021-04-03T08:50:21","date_gmt":"2021-04-03T07:50:21","guid":{"rendered":"https:\/\/senzor.ba\/?p=26126"},"modified":"2024-01-15T21:38:59","modified_gmt":"2024-01-15T20:38:59","slug":"kanadjani-u-aprilu-obiljezavaju-mjesec-sjecanja-osude-i-prevencije-genocida-ukljucujuci-i-genocid-u-sebrenici","status":"publish","type":"post","link":"https:\/\/tvsensor.com\/clanak\/kanadjani-u-aprilu-obiljezavaju-mjesec-sjecanja-osude-i-prevencije-genocida-ukljucujuci-i-genocid-u-sebrenici\/","title":{"rendered":"Kana\u0111ani u aprilu obilje\u017eavaju mjesec sje\u0107anja, osude i prevencije genocida uklju\u010duju\u0107i i genocid u Sebrenici"},"content":{"rendered":"\n<p>Tokom ovog mjeseca Kana\u0111ani ja\u010daju uspomene na \u017ertve genocida i razmi\u0161ljaju o osnovnim uzrocima genocida, tako da se on vi\u0161e nikada ne ponovi. Kroz historiju su generacije trpile neizbrisive posljedice genocida, uklju\u010duju\u0107i holokaust i genocid u Srebrenici. Na\u0161a je kolektivna odgovornost da odajemo po\u010dast \u017ertvama i pre\u017eivjelima genocida i dajemo im svoj glas u\u010de\u0107i o tim stravi\u010dnim doga\u0111ajima i osiguravaju\u0107i da sa\u010duvamo istinu o njima. Kana\u0111ani pamte i po\u0161tuju hrabrost i otpornost pre\u017eivjelih \u017ertava genocida u Srebrenici i njihovih potomaka. Kanada je postala dom mnogih od njih, koji su dali svoj doprinos u institucionalizaciji istine i pravde.<\/p>\n\n\n\n<p>Rezolucijom Parlamenta Kanade iz 2015. godine mjesec april je progla\u0161en mjesecom razvijanja svijesti o potrebi borbe protiv genocida, protiv negiranja genocida, mjesec\u00a0odavanja po\u010dasti \u017ertvama i razvijanja svijesti o prevenciji genocida. Iste godine Parlament Kanade je na prijedlog \u010dlana Parlamenta Brian Masse usvojio drugu rezoluciju o genocidu u Srebrenici kojom je genocid u Srebrenici\u00a0zajedno sa jo\u0161 pet najve\u0107ih genocida 20. vijeka, u\u0161ao je u memorisanje genocida u Kanadi.\u00a0<br>Institut za istra\u017eivanje genocida se zahvaljuje \u010dlanu Parlamenta Kanade Brian Masse, pokrovitelju ove rezolucije i velikom prijatelju Bosne i Hercegovine. Zahvaljujemo se i \u010dlanovima Parlamenta Kanade Irwin Cotler i Stephen Dion, koji su tako\u0111e javno govorili o genocidu u Srebrenici u zakonodavnom tijelu Kanade.<\/p>\n\n\n\n<p>U rezoluciji se izme\u0111u ostalog pi\u0161e: &#8220;Po mi\u0161ljenju Kanadskog parlamenta, povodom dvadesete godi\u0161njice od genocida u Srebrenici 11. jula 2015. godine, Parlament podr\u017eava svoju rezoluciju o genocidu u Srebrenici od 19. oktobra 2010. godine kojom je 11. juli progla\u0161en Danom sje\u0107anja na \u017ertve genocida u Srebrenici u Kanadi. Genocid u Srebrenici i Dan sje\u0107anja na genocid postaju sastavni dio aktivnosti u mjesecu aprilu u kome se razvija svijest o potrebi borbe protiv genocida, odaje po\u010dast \u017ertvama i razvija svijest o prevenciji genocida, u navedenim izmjenama Parlament podr\u017eava rezoluciju M- 587 od 24 aprila 2015\u201c.<\/p>\n\n\n\n<p>I ovoga aprila Institut za istra\u017eivanje genocida Kanada\u00a0 poziva na zajedni\u010dko djelovanje i borbu protiv negiranja genocida.\u00a0Veoma je bitno da se genocid u Srebrenici i sli\u010dni zlo\u010dini sprije\u010de \u0161irom svijeta. Lekcije holokausta i genocida u Srebrenici danas stoje kao va\u017ena opomena i poziv na odgovornost svih nas da radimo na prevenciji genocida i drugih ratnih zlo\u010dina. Institut za istra\u017eivanje genocida Kanada ostaje posve\u0107en misiji \u010duvanju istine i istra\u017eivanju zlo\u010dina genocida u Srebrenici i svijetu. Istovremeno radimo na podizanju svijesti o va\u017enosti rada protiv govora mr\u017enje i negiranja genocida.<br>Nau\u010dno saznanje, ste\u010deno nau\u010dnim istra\u017eivanjima o genocidu i drugim oblicima zlo\u010dina protiv \u010dovje\u010dnosti i me\u0111unarodnog prava, pored nau\u010dnog doprinosa, najneposrednije je u funkciji izgradnje, o\u010duvanja i razvoja mira, sloboda i prava, solidarnosti, uzajamnosti, jednom rije\u010dju svih proklamovanih principa i vrijednosti u najvi\u0161im dokumentima Ujedinjenih nacija, \u010dije uva\u017eavanje i ugra\u0111ivanje u temelje ljudskog dru\u0161tva obezbje\u0111uje razvoj boljeg i pravednijeg svijeta, kao ideala kome treba da te\u017ei savremena civilizacija.<\/p>\n\n\n\n<p>Kanada je dala veliki doprinos istini i pravdi i tako je u\u010dinila veliki korak ka prevenciji u borbi protiv genocida u svijetu. Istovremeno Kanada je doprinijela miru i sigurnosti u Bosni i Hercegovini i regionu koji se moraju bazirati na istini, pravdi i kulturi sje\u0107anja. Kanada je primjer kako se institucionalno treba odnositi prema kulturi sje\u0107anja upotrebom nau\u010dno istra\u017eiva\u010dkih, sudskih i historijskih \u010dinjenica, koji je ujedinio sve zna\u010dajnije institucije, organizacije i pojedince, prijatelje i aktiviste istine i pravde u Kanadi u procesu borbe protiv negiranja genocida i revizije sudskih, nau\u010dno istra\u017eiva\u010dkih i historijskih \u010dinjenica. To je zna\u010dajan korak u nastajanju tako potrebne koalicije za mir, sigurnost i saradnju utemeljene na istini i pravdi.\u00a0\u00a0<br>Genocid u Bosni i Hercegovini je grijeh \u010dovje\u010danstva, a krivnja zlo\u010dinaca.\u00a0\u00a0<\/p>\n","protected":false},"excerpt":{"rendered":"<p>Tokom ovog mjeseca Kana\u0111ani ja\u010daju uspomene na \u017ertve genocida i razmi\u0161ljaju o osnovnim uzrocima genocida, tako da se on vi\u0161e nikada ne ponovi. Kroz historiju su generacije trpile neizbrisive posljedice genocida, uklju\u010duju\u0107i holokaust i genocid u Srebrenici. Na\u0161a je kolektivna odgovornost da odajemo po\u010dast \u017ertvama i pre\u017eivjelima genocida i dajemo im svoj glas u\u010de\u0107i o [&hellip;]<\/p>\n","protected":false},"author":59,"featured_media":26127,"comment_status":"closed","ping_status":"closed","sticky":false,"template":"","format":"standard","meta":{"inline_featured_image":false,"footnotes":""},"categories":[47],"tags":[],"class_list":{"0":"post-26126","1":"post","2":"type-post","3":"status-publish","4":"format-standard","5":"has-post-thumbnail","7":"category-historija"},"acf":[],"_links":{"self":[{"href":"https:\/\/tvsensor.com\/api\/wp\/v2\/posts\/26126","targetHints":{"allow":["GET"]}}],"collection":[{"href":"https:\/\/tvsensor.com\/api\/wp\/v2\/posts"}],"about":[{"href":"https:\/\/tvsensor.com\/api\/wp\/v2\/types\/post"}],"author":[{"embeddable":true,"href":"https:\/\/tvsensor.com\/api\/wp\/v2\/users\/59"}],"replies":[{"embeddable":true,"href":"https:\/\/tvsensor.com\/api\/wp\/v2\/comments?post=26126"}],"version-history":[{"count":1,"href":"https:\/\/tvsensor.com\/api\/wp\/v2\/posts\/26126\/revisions"}],"predecessor-version":[{"id":26128,"href":"https:\/\/tvsensor.com\/api\/wp\/v2\/posts\/26126\/revisions\/26128"}],"wp:featuredmedia":[{"embeddable":true,"href":"https:\/\/tvsensor.com\/api\/wp\/v2\/media\/26127"}],"wp:attachment":[{"href":"https:\/\/tvsensor.com\/api\/wp\/v2\/media?parent=26126"}],"wp:term":[{"taxonomy":"category","embeddable":true,"href":"https:\/\/tvsensor.com\/api\/wp\/v2\/categories?post=26126"},{"taxonomy":"post_tag","embeddable":true,"href":"https:\/\/tvsensor.com\/api\/wp\/v2\/tags?post=26126"}],"curies":[{"name":"wp","href":"https:\/\/api.w.org\/{rel}","templated":true}]}}