{"id":26120,"date":"2021-04-02T20:33:41","date_gmt":"2021-04-02T19:33:41","guid":{"rendered":"https:\/\/senzor.ba\/?p=26120"},"modified":"2024-01-15T21:38:59","modified_gmt":"2024-01-15T20:38:59","slug":"mjere-zastite-ni-na-vidiku-bih-prijeti-glad-ako-se-ne-zastiti-domaca-proizvodnja","status":"publish","type":"post","link":"https:\/\/tvsensor.com\/clanak\/mjere-zastite-ni-na-vidiku-bih-prijeti-glad-ako-se-ne-zastiti-domaca-proizvodnja\/","title":{"rendered":"Mjere za\u0161tite ni na vidiku: BiH prijeti glad ako se ne za\u0161titi doma\u0107a proizvodnja"},"content":{"rendered":"\n<p>Gosti Federacije danas na Federalnoj televiziji bili su Ahmed D\u017eubur, predsjednik Odbora za privredu Predstavni\u010dkog doma Parlamenta Federacije i poljoprivrednik Muris Mujanovi\u0107.<\/p>\n\n\n\n<p>D\u017eubur smatra da je potrebno da se provedu tri mjere kako bi poljoprivreda profunkcionisala u punom kapacitetu.<\/p>\n\n\n\n<p>\u201cPrva mjera je za\u0161tita doma\u0107e proizvodnje, i animalnog i biljnog tipa, jer imamo ogromnu, nesrazmjernu konkurenciju iz uvoza i doma\u0107a proizvodnja ne mo\u017ee da prati visoko subvencionirane proizvode koji dolaze bez ikakvih barijera u BiH. Tako na sceni imamo nelojalnu konkurenciju. Na drugoj strani, imamo vrlo lo\u0161e agrarne politike, ne postoji ministarstvo privrede na dr\u017eavnom nivou. Onda realtivno niska stopa poticaja u poljoprivredi. I tre\u0107a stvar, treba se unaprijediti kontrola davanja poticaja budu\u0107i da imamo vrlo ru\u017enih situacija na terenu i manipulacija sa poticajnim sredstvima.\u201d<\/p>\n\n\n\n<p>Mujanovi\u0107 ka\u017ee da, na\u017ealost, sve gleda sve crnje i crnje.<\/p>\n\n\n\n<p>\u201cAko se slu\u010dajno desi da pre\u017eivimo koronu, glad ne\u0107emo sigurno. Dakle Bosni i Hercegovini, bez imalo preuveli\u010davanja, prijeti jedna ozbiljna glad. Prvenstveno zbog odustajanja poljoprivrednika od proizvodnje. Sve mjere koje se kao provode u poljoprivredi nisu dale nikakve efekte. Pro\u0161le godine smo imali jedan op\u0161ti apel da se \u0161to vi\u0161e povr\u0161ina zasije i onda se ostavilo poljoprivrednike i bez materijalnih sredstava. Federacija je to prebacila na ni\u017ee nivou i oni su se izgubili u moru administracije i ljudi nisu ni\u0161ta dobili. Druga stvar je bio taj dio proizvoda koji se pojavi bez ikakve organizacije. Ljudi su prepu\u0161teni da se snalaze sami sa sobom. Jedina aktivnost na\u0161e vlasti su apeli trgova\u010dkim lancima da se otkupljuje doma\u0107a proizvodnja i kao da se ljudi, koji su ionako na rubu egzistencije, osvijeste da je bitno kupovati doma\u0107e.\u201d<\/p>\n\n\n\n<p>Navodi i da je velika ve\u0107ina ljudi, pogotovo u ruralnim krajevima, morala uni\u0161tavati proizvode koje nisu uspjeli prodati.<\/p>\n\n\n\n<p>\u201cSistemski ne postoji rje\u0161enje. Neka sredstva su izdvojena, neka su obe\u0107ana da \u0107e se plasirati kroz grantne fondove. Trebala bi nam puno smislenija i organizovanija vlast nego \u0161to je ova.\u201d<\/p>\n\n\n\n<p>O poticajima za biljnu proizvodnju, koji su nesrazmjerno mali u odnosnu na poticaje za animalnu proizvodnju, D\u017eubur ka\u017ee: \u201ctempo favorizovanja animalne u odnosu na biljnu proizvodnju je bio jako ubrzan prije 6 godina kada je u Vladi bilo Ministarstvo poljoprivrede koje je vodio Lijanovi\u0107. Tada je napu\u0161ten odnos 60:40% u korist animalne proizvodnje, kada su u pitanju poticajna sredstva. Danas je taj odnos 86:14% u korist animalne proizvodnje, \u0161to konkretno zna\u010di da je za biljnu proizvodnju predvi\u0111eno svega 12-13 miliona KM, pri \u010demu imamo udio od oko par miliona za krmno bilje i za \u017eita koja slu\u017ee za ishranu stoke. Na drugoj strani, samo npr. za svje\u017ee kravlje mlijeko imamo 36,5 miliona KM. To zna\u010di uni\u0161tavanje biljne proizvodnje jer na ovakvim osnovama nije \u010dudo \u0161to u jednom dijelu BiH imamo 7.000 ljudi koji su u agraru i koji potpuno napu\u0161taju biljnu proizvodnju. Ovi odnosi se moraju balansirati. FBiH ima izvanredne ekolo\u0161ke uslove za vrlo respektabilne uslove za razvoj poljoprivredne proizvodnje, ali kad nemate odgovornu dr\u017eavu i empatiju prema poljoprivrednicima, agraru, onda mo\u017eemo govoriti i o jo\u0161 ve\u0107em nedostatku proizvoda biljnog i animalnog porijekla. Ne mogu se slo\u017eiti s tim da \u0107e do\u0107i do gladi, ali se hitno ovaj proces mora u\u010diniti organizovanijim.\u201d<\/p>\n\n\n\n<p>Isti\u010de da je ove godine iznos planiran za poticaje poljoprivredi oko 87 miliona sa federalne razine.<\/p>\n\n\n\n<p>\u201cPro\u0161le godine je taj iznos bio vi\u0161i. To je daleko od dovoljnog. Po meni je, za stabilizaciju i blagi rast, tendenciju porasta, neophodno 120-130 miliona uz sinhronizaciju i harmoniziranje odnosa izme\u0161u biljne i animalne proizvodnje.\u201d<\/p>\n\n\n\n<p><strong>Nismo socijalni slu\u010dajevi, \u017eelimo da radimo i \u017eivimo od svog rada<\/strong><\/p>\n\n\n\n<p>Mujanovi\u0107 navodi da bi trenutna situacija mogla eskalirati u ozbiljne proteste i blokade.<\/p>\n\n\n\n<p>\u201cPri\u010da o nekih 80, 70, 50 miliona, 100 miliona je potpuni spin. Pri\u010da o diferencijaciji izme\u0111u animalne i biljne proizvodnje, dakle poljoprivreda je jedinstveno tr\u017ei\u0161te. Ne mo\u017ee se biljna proizvodnja razvijati bez animalne i obratno. Dvije milijarde maraka svake godine BiH da samo za hranu. To je indirektnih poreza da se proizvede u BiH 300 miliona. Spin je da se nama ne\u0161to daje, nama se vra\u0107a ono \u0161to mi proizvedemo. Prvenstveni cilj je za\u0161tita zdravlja na\u0161eg stanovni\u0161tva. Kod nelojane konkurencije mi imamo vi\u0161estruko subvencionirane proizvode iz EU koji ne prolaze nikakvu kvalitetu. U vremenu pandemije, dvije godine, Ured za veterinarstvo nije proveo obaveznu zdravtsvenu za\u0161titu od bruceloze, leukoze i tuberkuloze zato \u0161tp nisu u stanju da raspi\u0161u jedna obi\u010dni tender. Mi, osim korone, imamo puno drugih bolesti koje nam prijete i koje \u0107e nas sigurno podaviti. Mi sve radimo da ugu\u0161imo na\u0161u proizvodnju.\u201d<\/p>\n\n\n\n<p>Kao poruku nadle\u017enima, Mujanovo\u0107 ka\u017ee: \u201cMi nismo socijalni slu\u010dajevi, \u017eelimo da radimo i \u017eivimo od svog rada.\u201d<\/p>\n\n\n\n<p>\u201cFederalni Parlament je zaslu\u017ean \u0161to je vrlo zna\u010dajno povi\u0161en nivo poticaja i Odbor za privredu u ovom sazivu je napravio veliku promjenu jer je do sada bio samo formalna instanca. Najva\u017enija mjera je da se Ministarstvo poljoprivrede ustanovi na dr\u017eavnom nivou i da se izvr\u0161i za\u0161tita doma\u0107e proizvodnje\u201d, zaklju\u010dio je D\u017eubur.<\/p>\n","protected":false},"excerpt":{"rendered":"<p>Gosti Federacije danas na Federalnoj televiziji bili su Ahmed D\u017eubur, predsjednik Odbora za privredu Predstavni\u010dkog doma Parlamenta Federacije i poljoprivrednik Muris Mujanovi\u0107. D\u017eubur smatra da je potrebno da se provedu tri mjere kako bi poljoprivreda profunkcionisala u punom kapacitetu. \u201cPrva mjera je za\u0161tita doma\u0107e proizvodnje, i animalnog i biljnog tipa, jer imamo ogromnu, nesrazmjernu konkurenciju [&hellip;]<\/p>\n","protected":false},"author":59,"featured_media":26122,"comment_status":"closed","ping_status":"closed","sticky":false,"template":"","format":"standard","meta":{"inline_featured_image":false,"footnotes":""},"categories":[44],"tags":[],"class_list":{"0":"post-26120","1":"post","2":"type-post","3":"status-publish","4":"format-standard","5":"has-post-thumbnail","7":"category-poljoprivreda"},"acf":[],"_links":{"self":[{"href":"https:\/\/tvsensor.com\/api\/wp\/v2\/posts\/26120","targetHints":{"allow":["GET"]}}],"collection":[{"href":"https:\/\/tvsensor.com\/api\/wp\/v2\/posts"}],"about":[{"href":"https:\/\/tvsensor.com\/api\/wp\/v2\/types\/post"}],"author":[{"embeddable":true,"href":"https:\/\/tvsensor.com\/api\/wp\/v2\/users\/59"}],"replies":[{"embeddable":true,"href":"https:\/\/tvsensor.com\/api\/wp\/v2\/comments?post=26120"}],"version-history":[{"count":2,"href":"https:\/\/tvsensor.com\/api\/wp\/v2\/posts\/26120\/revisions"}],"predecessor-version":[{"id":26125,"href":"https:\/\/tvsensor.com\/api\/wp\/v2\/posts\/26120\/revisions\/26125"}],"wp:featuredmedia":[{"embeddable":true,"href":"https:\/\/tvsensor.com\/api\/wp\/v2\/media\/26122"}],"wp:attachment":[{"href":"https:\/\/tvsensor.com\/api\/wp\/v2\/media?parent=26120"}],"wp:term":[{"taxonomy":"category","embeddable":true,"href":"https:\/\/tvsensor.com\/api\/wp\/v2\/categories?post=26120"},{"taxonomy":"post_tag","embeddable":true,"href":"https:\/\/tvsensor.com\/api\/wp\/v2\/tags?post=26120"}],"curies":[{"name":"wp","href":"https:\/\/api.w.org\/{rel}","templated":true}]}}