{"id":26110,"date":"2021-04-02T17:51:56","date_gmt":"2021-04-02T16:51:56","guid":{"rendered":"https:\/\/senzor.ba\/?p=26110"},"modified":"2024-01-15T21:39:00","modified_gmt":"2024-01-15T20:39:00","slug":"ljudi-velikog-srca-napravili-kucu-svome-sugradjaninu-u-velikoj-kladusi","status":"publish","type":"post","link":"https:\/\/tvsensor.com\/clanak\/ljudi-velikog-srca-napravili-kucu-svome-sugradjaninu-u-velikoj-kladusi\/","title":{"rendered":"Ljudi velikog srca napravili ku\u0107u svome sugra\u0111aninu u Velikoj Kladu\u0161i"},"content":{"rendered":"\n<p><strong>U\u010diniti dobro i uljep\u0161ati nekom \u017eivot zaista su stvari koje mogu ispuniti srce jednog \u010dovjeka.<\/strong><\/p>\n\n\n\n<p>\u010cine\u0107i dobro drugima, ujedno dobro \u010dinimo i sebi, pa upravo vode\u0107i se time Sead Karaji\u0107 Bajkin odlu\u010dio je dio svog vremena posvetiti akciji prikupljanja novca za ku\u0107u, dvadesettrogodi\u0161njem Ned\u017eadu Kova\u010devi\u0107u.<\/p>\n\n\n\n<p>Ned\u017ead je ina\u010de \u017eivio sa svojim bratom i snahom u mjestu Glinica, nakon smrti njihove majke, a u tom momku svi su prepoznali dobrotu i osvojio je simpatije mnogih. Zahvaljuju\u0107i humanim ljudima, Ned\u017ead danas ima svoju ku\u0107u smje\u0161tenu u velikokladu\u0161kom naselju Dabravine, nedaleko od nekada\u0161nje porodi\u010dne ku\u0107e. Cjelokupna akcija izgradnje i ure\u0111enja ku\u0107e zavr\u0161ena je za svega nekoliko mjeseci.<\/p>\n\n\n\n<p>Akciju je prvobitno pokrenula njegova snaha Sa\u0107a Tori\u0107, da bi joj se pridru\u017eio i Sead Karaji\u0107 te uz pomo\u0107 svojih prijatelja i ostalih ljudi dobre volje, uspio prikupiti oko 20 000 KM. Donatori su obezbijedili i oko 30 000 KM vrijednosti gra\u0111evinskog materijala (Prizma PVC, MC Stella, Melka, Brijest promet i drugi), a znatne donacije obezbijedili su i pojedinci (Amel Amko iz Linca, Samira Cecunjanin Rastoder iz Kanade, \u0160emso \u0160abi\u0107 iz Voralberga i drugi). Kako nam je rekao Sead, akcija je po\u010dela u julu, a radovi su zavr\u0161eni ve\u0107 sredinom decembra. Veliku pomo\u0107 u organiziranju kao i pomo\u0107 u samoj akciji, pru\u017eio mu je kladu\u0161ki poduzetnik Nermin Karaji\u0107, vlasnik zlatarske radnje Najo.<\/p>\n\n\n\n<p>&#8211; Kada smo zapo\u010deli gradnju, Ned\u017ead sve do tog trenutka nije vjerovao da \u0107e zaista imati ku\u0107u, a kada je vidio kako teku radovi, plakao je od sre\u0107e. Ja sam stvarno zahvalan svima koji su sudjelovali na bilo kakav na\u010din, jer ova sre\u0107a se opisati ne mo\u017ee \u2013 ka\u017ee nam Sead. Novac i materijal su ka\u017ee, brzo prikupili, a prikupljao se u BiH, SAD-u, Sloveniji, Austriji i ostalim evropskim zemljama.<\/p>\n\n\n\n<p>Donacija je bilo dovoljno ka\u017ee Sead, \u010dak je i ostalo novca od donacija koji su stavili na ra\u010dun koji su otvorili za Ned\u017eada, odakle \u0107e on svaki mjesec mo\u0107i podi\u0107i odre\u0111enu sumu novca. Ovih dana se o\u010dekuje priklju\u010denje struje, a nakon toga \u0107e ku\u0107a biti spremna za useljenje.<\/p>\n\n\n\n<p>Ned\u017ead odu\u0161evljenje sa svojom novom ku\u0107om nije krio i izrazio je \u017eelju da uskoro u ovu ku\u0107u dovede i doma\u0107icu, odnosno suprugu kako bi zapo\u010deo \u017eivot obiteljskog \u010dovjeka. Me\u0111utim Ned\u017ead nije sam. Njegov saputnik je kobila Lisa koju, kako su nam rekli, mnogo voli i nije htio da se rastane od nje kad se useli u novu ku\u0107u, pa su mu u skladu sa time sagradili prostoriju i za nju, odnosno \u0161talu, javlja TREND RADIO.<\/p>\n\n\n\n<p>Ovaj vrijedni momak nastojat \u0107e svoju ku\u0107u odr\u017eavati, \u010duvati i paziti a bujruma \u0107e ka\u017ee uvijek imati svi koji \u017eele popiti kafu (koju \u0107e on napraviti) i popri\u010dati sa njim.<\/p>\n","protected":false},"excerpt":{"rendered":"<p>U\u010diniti dobro i uljep\u0161ati nekom \u017eivot zaista su stvari koje mogu ispuniti srce jednog \u010dovjeka. \u010cine\u0107i dobro drugima, ujedno dobro \u010dinimo i sebi, pa upravo vode\u0107i se time Sead Karaji\u0107 Bajkin odlu\u010dio je dio svog vremena posvetiti akciji prikupljanja novca za ku\u0107u, dvadesettrogodi\u0161njem Ned\u017eadu Kova\u010devi\u0107u. Ned\u017ead je ina\u010de \u017eivio sa svojim bratom i snahom u [&hellip;]<\/p>\n","protected":false},"author":59,"featured_media":26111,"comment_status":"closed","ping_status":"closed","sticky":false,"template":"","format":"standard","meta":{"inline_featured_image":false,"footnotes":""},"categories":[69],"tags":[],"class_list":{"0":"post-26110","1":"post","2":"type-post","3":"status-publish","4":"format-standard","5":"has-post-thumbnail","7":"category-ponos-bih"},"acf":[],"_links":{"self":[{"href":"https:\/\/tvsensor.com\/api\/wp\/v2\/posts\/26110","targetHints":{"allow":["GET"]}}],"collection":[{"href":"https:\/\/tvsensor.com\/api\/wp\/v2\/posts"}],"about":[{"href":"https:\/\/tvsensor.com\/api\/wp\/v2\/types\/post"}],"author":[{"embeddable":true,"href":"https:\/\/tvsensor.com\/api\/wp\/v2\/users\/59"}],"replies":[{"embeddable":true,"href":"https:\/\/tvsensor.com\/api\/wp\/v2\/comments?post=26110"}],"version-history":[{"count":1,"href":"https:\/\/tvsensor.com\/api\/wp\/v2\/posts\/26110\/revisions"}],"predecessor-version":[{"id":26112,"href":"https:\/\/tvsensor.com\/api\/wp\/v2\/posts\/26110\/revisions\/26112"}],"wp:featuredmedia":[{"embeddable":true,"href":"https:\/\/tvsensor.com\/api\/wp\/v2\/media\/26111"}],"wp:attachment":[{"href":"https:\/\/tvsensor.com\/api\/wp\/v2\/media?parent=26110"}],"wp:term":[{"taxonomy":"category","embeddable":true,"href":"https:\/\/tvsensor.com\/api\/wp\/v2\/categories?post=26110"},{"taxonomy":"post_tag","embeddable":true,"href":"https:\/\/tvsensor.com\/api\/wp\/v2\/tags?post=26110"}],"curies":[{"name":"wp","href":"https:\/\/api.w.org\/{rel}","templated":true}]}}