{"id":26033,"date":"2021-04-01T12:08:34","date_gmt":"2021-04-01T11:08:34","guid":{"rendered":"https:\/\/senzor.ba\/?p=26033"},"modified":"2024-01-15T21:39:02","modified_gmt":"2024-01-15T20:39:02","slug":"sarajevo-lokalne-zajednice-zapadnog-balkana-unapredjuju-ekonomske-turisticke-i-ostale-potencijale","status":"publish","type":"post","link":"https:\/\/tvsensor.com\/clanak\/sarajevo-lokalne-zajednice-zapadnog-balkana-unapredjuju-ekonomske-turisticke-i-ostale-potencijale\/","title":{"rendered":"Sarajevo: Lokalne zajednice Zapadnog Balkana unapre\u0111uju ekonomske, turisti\u010dke i ostale potencijale"},"content":{"rendered":"\n<p>U Sarajevu je danas po\u010dela poslovna konferencija &#8220;Investment Summit Municipalities&#8221; &#8211; Sajam lokalnih zajednica Zapadnog Balkana, kojoj je cilj unaprijediti ekonomske, turisti\u010dke i ostale potencijale lokalnih zajednica u Bosni i Hercegovini i regionu, javlja Anadolu Agency (AA).<\/p>\n\n\n\n<p>Na konferenciji, na kojoj u\u010destvuju predstavnici vi\u0161e od 30 lokalnih zajednica, predstavljeni su brojni projekti i investicijski fondovi koji se ti\u010du regionalne saradnje.<\/p>\n\n\n\n<p>&#8220;Cilj je povezati lokalne zajednice sa zainteresovanim investitorima kojima \u0107emo prezentovati projekte raznih fondova kao \u0161to su katarski, saudijski, zatim finansijske institucije s kojima imamo veze, Svjetska banka i Evropska banka za obnovu i razvoj i drugi fondovi&#8221;, izjavio je predsjednik Drvnog klastera Namje\u0161taj i drvo Dinko Mujki\u0107, jedan od organizatora konferencije.<\/p>\n\n\n\n<p>Iz Vanjskotrgovinske komore Bosne i Hercegovine (VTK BiH), koji su suorganizatori konferencije, poru\u010dili su kako aktivno rade na uvezivanju, kako turisti\u010dkih tako i poslovnih i drugih potencijala regiona.<\/p>\n\n\n\n<p>&#8220;Cilj je da uspostavimo i razmijenimo iskustva, dobru praksu ali i da odre\u0111ene projekte mo\u017eemo kandidirati i prezentirati na\u0161im partnerima u inozemstvu. Vanjskotrgovinska komora ima izuzetno dobre poslovne veze u svijetu tako da mislim da \u0107e biti od koristi i ovom projektu&#8221;, naglasio je Ahmet Egrli\u0107, predsjednik VTK-a BiH.<\/p>\n\n\n\n<p>Predstavnik Privredne komore FBiH, direktor sektora za industriju Almin Mali\u0161evi\u0107, izjavio je da je manifestacija va\u017ean doga\u0111aj koji dolazi u vrijeme nadolaze\u0107ih investicija koje se o\u010dekuju u narednom periodu.<\/p>\n\n\n\n<p>&#8220;S partnerima, partnerskim komorama, ambasadama i drugim organizacijama koje rade u BiH imamo informacije da prostor Zapadnog Balkana postaje jako interesantan za privla\u010denje novih investicija. Znamo da svako putovanje kre\u0107e prvim korakom, prvi korak je svakako lokalna zajednica. Danas je prilika da po\u0161aljemo poruku svima onima koji rade u lancu suporta investitora da unaprijede i ubrzaju svoje procedure kako bi investicije \u0161to lak\u0161e do\u0161le i kako bi se odluke o investicijama donijele na \u0161to lak\u0161i na\u010din&#8221;, poru\u010dio je Mali\u0161evi\u0107.<\/p>\n","protected":false},"excerpt":{"rendered":"<p>U Sarajevu je danas po\u010dela poslovna konferencija &#8220;Investment Summit Municipalities&#8221; &#8211; Sajam lokalnih zajednica Zapadnog Balkana, kojoj je cilj unaprijediti ekonomske, turisti\u010dke i ostale potencijale lokalnih zajednica u Bosni i Hercegovini i regionu, javlja Anadolu Agency (AA). Na konferenciji, na kojoj u\u010destvuju predstavnici vi\u0161e od 30 lokalnih zajednica, predstavljeni su brojni projekti i investicijski fondovi [&hellip;]<\/p>\n","protected":false},"author":59,"featured_media":26034,"comment_status":"closed","ping_status":"closed","sticky":false,"template":"","format":"standard","meta":{"inline_featured_image":false,"footnotes":""},"categories":[43,42],"tags":[],"class_list":{"0":"post-26033","1":"post","2":"type-post","3":"status-publish","4":"format-standard","5":"has-post-thumbnail","7":"category-bih","8":"category-ekonomija"},"acf":[],"_links":{"self":[{"href":"https:\/\/tvsensor.com\/api\/wp\/v2\/posts\/26033","targetHints":{"allow":["GET"]}}],"collection":[{"href":"https:\/\/tvsensor.com\/api\/wp\/v2\/posts"}],"about":[{"href":"https:\/\/tvsensor.com\/api\/wp\/v2\/types\/post"}],"author":[{"embeddable":true,"href":"https:\/\/tvsensor.com\/api\/wp\/v2\/users\/59"}],"replies":[{"embeddable":true,"href":"https:\/\/tvsensor.com\/api\/wp\/v2\/comments?post=26033"}],"version-history":[{"count":1,"href":"https:\/\/tvsensor.com\/api\/wp\/v2\/posts\/26033\/revisions"}],"predecessor-version":[{"id":26035,"href":"https:\/\/tvsensor.com\/api\/wp\/v2\/posts\/26033\/revisions\/26035"}],"wp:featuredmedia":[{"embeddable":true,"href":"https:\/\/tvsensor.com\/api\/wp\/v2\/media\/26034"}],"wp:attachment":[{"href":"https:\/\/tvsensor.com\/api\/wp\/v2\/media?parent=26033"}],"wp:term":[{"taxonomy":"category","embeddable":true,"href":"https:\/\/tvsensor.com\/api\/wp\/v2\/categories?post=26033"},{"taxonomy":"post_tag","embeddable":true,"href":"https:\/\/tvsensor.com\/api\/wp\/v2\/tags?post=26033"}],"curies":[{"name":"wp","href":"https:\/\/api.w.org\/{rel}","templated":true}]}}