{"id":26029,"date":"2021-04-01T12:04:36","date_gmt":"2021-04-01T11:04:36","guid":{"rendered":"https:\/\/senzor.ba\/?p=26029"},"modified":"2024-01-15T21:39:02","modified_gmt":"2024-01-15T20:39:02","slug":"inzko-fata-orlovic-zasluzuje-da-pravda-bude-zadovoljena","status":"publish","type":"post","link":"https:\/\/tvsensor.com\/clanak\/inzko-fata-orlovic-zasluzuje-da-pravda-bude-zadovoljena\/","title":{"rendered":"Inzko: Fata Orlovi\u0107 zaslu\u017euje da pravda bude zadovoljena"},"content":{"rendered":"\r\n<p><strong>Ta\u010dno godina dana navr\u0161ava se danas od isteka roka koji je Evropski sud za ljudska prava odredio za uklanjanje crkve sagra\u0111ene na imanju Fate Orlovi\u0107<\/strong>. Dugo je Fata Orlovi\u0107 \u010dekala pravdu, a sada se ve\u0107 dugo kasni sa provedbom obavezuju\u0107e odluke Evropskog suda u njenu korist.<\/p>\r\n\r\n\r\n\r\n<p>A da \u017eeli da se pravda zadovolji poru\u010dio je i visoki predstavnik u BiH Valentin Inzko.<\/p>\r\n\r\n\r\n\r\n<p>\u201c<strong>\u017delim da se pravda zadovolji<\/strong>\u00a0i da se Fata Orlovi\u0107 ispo\u0161tuje zbog nevolja kroz koje je pro\u0161la tokom duge i iscrpljuju\u0107e pravne bitke. U svojoj poodmakloj dobi, Fata Orlovi\u0107 ne zaslu\u017euje daljnje nepo\u0161tovanje od strane vlasti Republike Srpske, ve\u0107 neodlo\u017eno i potpuno zadovoljenje pravde\u201d,\u00a0<strong>rekao je visoki predstavnik u BiH<\/strong>.<\/p>\r\n\r\n\r\n\r\n<p>S obzirom da je vladavina prava presudno na\u010delo Op\u0107eg okvirnog sporazuma za mir, visoki predstavnik \u0107e se referirati na ovaj i druge slu\u010dajeve u svom sljede\u0107em izvje\u0161taju Vije\u0107u sigurnosti Ujedinjenih nacija, kao na jo\u0161 jedan primjer potpunog zanemarivanja izvr\u0161enja sudskih odluka.<\/p>\r\n\r\n\r\n\r\n<p>\u201eVa\u017ean pokazatelj po\u0161tovanja vladavine prava u bilo kojem demokratskom dru\u0161tvu nisu rije\u010di ili izjave nego nivo provedbe sudskih odluka doma\u0107ih i me\u0111unarodnih sudova. Na\u017ealost, pokazatelji za Bosnu i Hercegovinu su vrlo nepovoljni,\u201c zaklju\u010dio je Inzko.<\/p>\r\n","protected":false},"excerpt":{"rendered":"<p>Ta\u010dno godina dana navr\u0161ava se danas od isteka roka koji je Evropski sud za ljudska prava odredio za uklanjanje crkve sagra\u0111ene na imanju Fate Orlovi\u0107. Dugo je Fata Orlovi\u0107 \u010dekala pravdu, a sada se ve\u0107 dugo kasni sa provedbom obavezuju\u0107e odluke Evropskog suda u njenu korist. A da \u017eeli da se pravda zadovolji poru\u010dio je [&hellip;]<\/p>\n","protected":false},"author":59,"featured_media":26036,"comment_status":"closed","ping_status":"closed","sticky":false,"template":"","format":"standard","meta":{"inline_featured_image":false,"footnotes":""},"categories":[376,38],"tags":[],"class_list":{"0":"post-26029","1":"post","2":"type-post","3":"status-publish","4":"format-standard","5":"has-post-thumbnail","7":"category-featured","8":"category-vijesti-iz-bih"},"acf":[],"_links":{"self":[{"href":"https:\/\/tvsensor.com\/api\/wp\/v2\/posts\/26029","targetHints":{"allow":["GET"]}}],"collection":[{"href":"https:\/\/tvsensor.com\/api\/wp\/v2\/posts"}],"about":[{"href":"https:\/\/tvsensor.com\/api\/wp\/v2\/types\/post"}],"author":[{"embeddable":true,"href":"https:\/\/tvsensor.com\/api\/wp\/v2\/users\/59"}],"replies":[{"embeddable":true,"href":"https:\/\/tvsensor.com\/api\/wp\/v2\/comments?post=26029"}],"version-history":[{"count":2,"href":"https:\/\/tvsensor.com\/api\/wp\/v2\/posts\/26029\/revisions"}],"predecessor-version":[{"id":26037,"href":"https:\/\/tvsensor.com\/api\/wp\/v2\/posts\/26029\/revisions\/26037"}],"wp:featuredmedia":[{"embeddable":true,"href":"https:\/\/tvsensor.com\/api\/wp\/v2\/media\/26036"}],"wp:attachment":[{"href":"https:\/\/tvsensor.com\/api\/wp\/v2\/media?parent=26029"}],"wp:term":[{"taxonomy":"category","embeddable":true,"href":"https:\/\/tvsensor.com\/api\/wp\/v2\/categories?post=26029"},{"taxonomy":"post_tag","embeddable":true,"href":"https:\/\/tvsensor.com\/api\/wp\/v2\/tags?post=26029"}],"curies":[{"name":"wp","href":"https:\/\/api.w.org\/{rel}","templated":true}]}}