{"id":26022,"date":"2021-04-01T12:02:19","date_gmt":"2021-04-01T11:02:19","guid":{"rendered":"https:\/\/senzor.ba\/?p=26022"},"modified":"2024-01-15T21:39:02","modified_gmt":"2024-01-15T20:39:02","slug":"fondacija-muharem-berbic-realizuje-projekta-pod-nazivom-inkluzije-za-buducnost","status":"publish","type":"post","link":"https:\/\/tvsensor.com\/clanak\/fondacija-muharem-berbic-realizuje-projekta-pod-nazivom-inkluzije-za-buducnost\/","title":{"rendered":"Fondacija Muharem Berbi\u0107 realizuje projekta pod nazivom \u201eInkluzije za budu\u0107nost \u201c"},"content":{"rendered":"\n<p id=\"E169\">Fondacija Muharem Berbi\u0107 od novembra 2020. godine realizuje projekat pod nazivom \u201eInkluzija za budu\u0107nost\u201c, koji je podr\u017ean od nekada\u0161njeg Ministarstva za nauku, visoko obrazovanje i mlade, trenutno imenovanog kao Ministarstvo za odgoj i obrazovanje. Ovaj projekat je namijenjen za djecu i mlade sa invaliditetom, njihove roditelje, te ostale u\u010desnike ovog procesa (u\u010denike i nastavnike\/profesore), sa podru\u010dja Kantona Sarajevo . Osnovni cilj projekta jeste doprinijeti unapre\u0111enju polo\u017eaja djece i mladih sa invaliditetom kroz unapre\u0111enje procesa&nbsp;inkluzivnog&nbsp;obrazovanja.<\/p>\n\n\n\n<p id=\"E293\">Projekat&nbsp;\u201eInkluzija za budu\u0107nost \u2013 Program unapre\u0111enja kvalitete&nbsp;obrazovnog&nbsp;inkluzivnog&nbsp;procesa na podru\u010dju Kantona Sarajevo\u201c je inovativni&nbsp;projekat&nbsp;koji se zasniva na najboljim svjetskim praksama koje su ostvarile najbolje rezultate, a koje se realizuju u zemljama poput Danske, Islanda i \u0160vedske. Osnovni cilj projekta jeste ja\u010danje kapaciteta djece i mladih sa invaliditetom&nbsp;i pru\u017eanje pomo\u0107i na usvajanju gradiva koje prate putem individualnih planova i programa u procesu&nbsp;inkluzivnog&nbsp;obrazovanja. Obzirom da djeca i mladi sa invaliditetom, imaju jako velike izazove na usvajanju nastavnih jedinica, pri pisanju zada\u0107e i sli\u010dno, projektne aktivnosti su usmjerene na pru\u017eanje stru\u010dne pomo\u0107i djeci i mladima sa invaliditetom u pisanju doma\u0107ih zadataka i obavljanju drugih \u0161kolskih obaveza. Tako\u0111er, na sedmi\u010dnoj bazi, sa ovim dijelom ciljne grupe, radi se i na ja\u010danju vje\u0161tina \u010ditanja, pisanja, ra\u010dunanja i kreativnosti.<\/p>\n\n\n\n<p id=\"E295\">Sam&nbsp;projekat&nbsp;se zasniva na metodologiji individualnog i grupnog rada kroz neformalne radionice i pojedina\u010dne tretmane pripadnika ciljne grupe sa kojima su u zavisnosti od aktivnosti realizovane razli\u010dite&nbsp;podaktivnosti. Ovim projektom, u Kantonu Sarajevo se pru\u017ea jedinstvena podr\u0161ka sistemu&nbsp;inkluzivnog&nbsp;obrazovanja Tako\u0111er, projekat&nbsp;omogu\u0107ava&nbsp;da se pove\u017eu i u\u010dvrste me\u0111usobne veze izme\u0111u svih klju\u010dnih aktera procesa&nbsp;socijalne inkluzije&nbsp;kako bi se unaprijedio polo\u017eaj djece i mladih sa invaliditetom na podru\u010dju Kantona&nbsp;Sarajevo.<\/p>\n\n\n\n<p id=\"E297\">Projektni partner na implementaciji projekta je Osnovna \u0161kola \u201eMalta\u201c koja ima savjetodavnu ulogu tokom projektne implementacije. Sve projektne aktivnosti&nbsp;su prvobitno bile podijeljene &nbsp;na osnovu&nbsp;mjesta realizacije, tako da se jedan dio realizovao u Dnevnom centru za djecu i mlade koji se nalazi u vlasni\u0161tvu Fondacije Muharem&nbsp;Berbi\u0107, dok se drugi dio aktivnosti realizovao u prostorijama na\u0161ih partnera. Me\u0111utim, u skladu sa epidemiolo\u0161kom situacijom, rad je trenutno prilago\u0111en. Trenutno se aktivnosti obavljaju u prostorijama Fondacije, individualno, te online sa u\u010denicima kojima dolazak nije omogu\u0107en.<\/p>\n\n\n\n<p id=\"E300\">Projektna realizacija traje od mjeseca novembra 2020. godine i trajat \u0107e sve do mjeseca maja 2021. godine.<\/p>\n","protected":false},"excerpt":{"rendered":"<p>Fondacija Muharem Berbi\u0107 od novembra 2020. godine realizuje projekat pod nazivom \u201eInkluzija za budu\u0107nost\u201c, koji je podr\u017ean od nekada\u0161njeg Ministarstva za nauku, visoko obrazovanje i mlade, trenutno imenovanog kao Ministarstvo za odgoj i obrazovanje. Ovaj projekat je namijenjen za djecu i mlade sa invaliditetom, njihove roditelje, te ostale u\u010desnike ovog procesa (u\u010denike i nastavnike\/profesore), sa [&hellip;]<\/p>\n","protected":false},"author":59,"featured_media":26023,"comment_status":"closed","ping_status":"closed","sticky":false,"template":"","format":"gallery","meta":{"inline_featured_image":false,"footnotes":""},"categories":[52],"tags":[],"class_list":{"0":"post-26022","1":"post","2":"type-post","3":"status-publish","4":"format-gallery","5":"has-post-thumbnail","7":"category-obrazovanje","8":"post_format-post-format-gallery"},"acf":[],"_links":{"self":[{"href":"https:\/\/tvsensor.com\/api\/wp\/v2\/posts\/26022","targetHints":{"allow":["GET"]}}],"collection":[{"href":"https:\/\/tvsensor.com\/api\/wp\/v2\/posts"}],"about":[{"href":"https:\/\/tvsensor.com\/api\/wp\/v2\/types\/post"}],"author":[{"embeddable":true,"href":"https:\/\/tvsensor.com\/api\/wp\/v2\/users\/59"}],"replies":[{"embeddable":true,"href":"https:\/\/tvsensor.com\/api\/wp\/v2\/comments?post=26022"}],"version-history":[{"count":3,"href":"https:\/\/tvsensor.com\/api\/wp\/v2\/posts\/26022\/revisions"}],"predecessor-version":[{"id":26030,"href":"https:\/\/tvsensor.com\/api\/wp\/v2\/posts\/26022\/revisions\/26030"}],"wp:featuredmedia":[{"embeddable":true,"href":"https:\/\/tvsensor.com\/api\/wp\/v2\/media\/26023"}],"wp:attachment":[{"href":"https:\/\/tvsensor.com\/api\/wp\/v2\/media?parent=26022"}],"wp:term":[{"taxonomy":"category","embeddable":true,"href":"https:\/\/tvsensor.com\/api\/wp\/v2\/categories?post=26022"},{"taxonomy":"post_tag","embeddable":true,"href":"https:\/\/tvsensor.com\/api\/wp\/v2\/tags?post=26022"}],"curies":[{"name":"wp","href":"https:\/\/api.w.org\/{rel}","templated":true}]}}