{"id":26009,"date":"2021-04-01T08:20:13","date_gmt":"2021-04-01T07:20:13","guid":{"rendered":"https:\/\/senzor.ba\/?p=26009"},"modified":"2024-01-15T21:39:02","modified_gmt":"2024-01-15T20:39:02","slug":"vijecnici-u-travniku-sebi-povecali-pausale-i-primanje-unatoc-ogromnoj-ekonomskoj-krizi","status":"publish","type":"post","link":"https:\/\/tvsensor.com\/clanak\/vijecnici-u-travniku-sebi-povecali-pausale-i-primanje-unatoc-ogromnoj-ekonomskoj-krizi\/","title":{"rendered":"Vije\u0107nici u Travniku sebi pove\u0107ali pau\u0161ale i primanje unato\u010d ogromnoj ekonomskoj krizi"},"content":{"rendered":"\n<p>Dok umirovljenici i radnici u realnom sektoru \u010dekaju konkretne poteze vlasti kako ubla\u017eiti posljedice pandemije koronavirusa, pojedini politi\u010dari sebi pove\u0107avaju pla\u0107e i pau\u0161ale.<\/p>\n\n\n\n<p>Posljednji takav primjer je odluka skup\u0161tinske ve\u0107ine u Op\u0107ini Travnik.<\/p>\n\n\n\n<p>U vremenu krize kad se u\u0161tede o\u010dekuju od svih, travni\u010dki vije\u0107nici sami su sebi pove\u0107ali pla\u0107u.<\/p>\n\n\n\n<p>Naime, Op\u0107insko vije\u0107e Travnika usvojilo je danas odluku o pove\u0107anju vije\u0107ni\u010dkih naknada.<\/p>\n\n\n\n<p><strong>&#8220;Uz naknade, izvr\u0161eno je pove\u0107anje pla\u0107a svim zaposlenima, zna\u010di pau\u0161ali su uve\u0107ani za 50 maraka&#8221;,<\/strong>&nbsp;ka\u017ee predsjedateljica OV Travnik Vlakta Lovrinovi\u0107.<\/p>\n\n\n\n<p>Novi vije\u0107ni\u010dki pau\u0161ali iznosit \u0107e 463 KM, dok \u0107e predsjednici klubova primati 520 KM.<\/p>\n\n\n\n<p>Podr\u0161ku podizanju pau\u0161ala dalo je svih 14 vije\u0107nika SDA, ali, ka\u017eu, nije dobar trenutak za pove\u0107anja.<\/p>\n\n\n\n<p><strong>&#8220;Niti je vrijeme, niti dobar trenutak za bilo kakva pove\u0107anja primanja. Ono \u0161to je \u010dinjenica da smo mi dio vladaju\u0107e ve\u0107ine i da donosimo zajedno odluke&#8221;,<\/strong>&nbsp;rekao je predsjednik Kluba vije\u0107nika SDA u OV Travnik Ekrem Mraki\u0107.<\/p>\n\n\n\n<p>Pitali smo gra\u0111ane Travnika \u0161to misle o ovom potezu vladaju\u0107ih.<\/p>\n\n\n\n<p>Travni\u010dka oporba o\u010dekivano nezadovoljna.<\/p>\n\n\n\n<p><strong>&#8220;Ve\u0107ina je odlu\u010dila da podigne sebi pau\u0161ale. Naravno, \u010dut \u0107ete u danima koji dolaze spinove kako \u0107e jedni dati za ono, drugi za ovo&#8221;,&nbsp;<\/strong>rekao je vije\u0107nik SDP-a u OV Travnik Sini\u0161a Duki\u0107.<\/p>\n\n\n\n<p>Nakon sjednice vladaju\u0107i su kazali kako razliku u pau\u0161alima ne\u0107e zadr\u017eati za sebe, nego \u0107e donirati u humanitarne svrhe.<\/p>\n","protected":false},"excerpt":{"rendered":"<p>Dok umirovljenici i radnici u realnom sektoru \u010dekaju konkretne poteze vlasti kako ubla\u017eiti posljedice pandemije koronavirusa, pojedini politi\u010dari sebi pove\u0107avaju pla\u0107e i pau\u0161ale. Posljednji takav primjer je odluka skup\u0161tinske ve\u0107ine u Op\u0107ini Travnik. U vremenu krize kad se u\u0161tede o\u010dekuju od svih, travni\u010dki vije\u0107nici sami su sebi pove\u0107ali pla\u0107u. Naime, Op\u0107insko vije\u0107e Travnika usvojilo je [&hellip;]<\/p>\n","protected":false},"author":59,"featured_media":26066,"comment_status":"closed","ping_status":"closed","sticky":false,"template":"","format":"standard","meta":{"inline_featured_image":false,"footnotes":""},"categories":[234],"tags":[],"class_list":{"0":"post-26009","1":"post","2":"type-post","3":"status-publish","4":"format-standard","5":"has-post-thumbnail","7":"category-politika"},"acf":[],"_links":{"self":[{"href":"https:\/\/tvsensor.com\/api\/wp\/v2\/posts\/26009","targetHints":{"allow":["GET"]}}],"collection":[{"href":"https:\/\/tvsensor.com\/api\/wp\/v2\/posts"}],"about":[{"href":"https:\/\/tvsensor.com\/api\/wp\/v2\/types\/post"}],"author":[{"embeddable":true,"href":"https:\/\/tvsensor.com\/api\/wp\/v2\/users\/59"}],"replies":[{"embeddable":true,"href":"https:\/\/tvsensor.com\/api\/wp\/v2\/comments?post=26009"}],"version-history":[{"count":1,"href":"https:\/\/tvsensor.com\/api\/wp\/v2\/posts\/26009\/revisions"}],"predecessor-version":[{"id":26011,"href":"https:\/\/tvsensor.com\/api\/wp\/v2\/posts\/26009\/revisions\/26011"}],"wp:featuredmedia":[{"embeddable":true,"href":"https:\/\/tvsensor.com\/api\/wp\/v2\/media\/26066"}],"wp:attachment":[{"href":"https:\/\/tvsensor.com\/api\/wp\/v2\/media?parent=26009"}],"wp:term":[{"taxonomy":"category","embeddable":true,"href":"https:\/\/tvsensor.com\/api\/wp\/v2\/categories?post=26009"},{"taxonomy":"post_tag","embeddable":true,"href":"https:\/\/tvsensor.com\/api\/wp\/v2\/tags?post=26009"}],"curies":[{"name":"wp","href":"https:\/\/api.w.org\/{rel}","templated":true}]}}