{"id":25986,"date":"2021-03-31T18:03:40","date_gmt":"2021-03-31T17:03:40","guid":{"rendered":"https:\/\/senzor.ba\/?p=25986"},"modified":"2024-01-15T21:39:03","modified_gmt":"2024-01-15T20:39:03","slug":"njemacki-mediji-hrvatska-zeli-povecati-utjecaj-u-bih-covic-trazi-herceg-bosnu","status":"publish","type":"post","link":"https:\/\/tvsensor.com\/clanak\/njemacki-mediji-hrvatska-zeli-povecati-utjecaj-u-bih-covic-trazi-herceg-bosnu\/","title":{"rendered":"Njema\u010dki mediji: Hrvatska \u017eeli pove\u0107ati utjecaj u BiH, \u010covi\u0107 tra\u017ei Herceg-Bosnu"},"content":{"rendered":"\n<p>Cilj HDZ-a je da pro\u0161iri uticaj Hrvatske u Bosni i Hercegovini. Vi\u0161e zemalja Evropske unije, koje nisu imune na \u0161ovinisti\u010dko-nacionalisti\u010dku ideologiju, to podr\u017eava, pi\u0161e&nbsp;<strong>Tageszeitung<\/strong>&nbsp;iz Berlina.<\/p>\n\n\n\n<h4 class=\"wp-block-heading\" id=\"h-ta-eli-hrvatska\"><strong>\u0160ta \u017eeli Hrvatska?<\/strong><\/h4>\n\n\n\n<p>Hrvatski ministar vanjskih poslova&nbsp;<strong>Gordan Grli\u0107 Radman<\/strong>&nbsp;neprestano radi na \u0161irenju hrvatskog utjecaja u Bosni i Hercegovini. Radman je nedavno u Briselu izjavio da Hrvatska \u017eeli pomo\u0107i svojoj susjednoj zemlji Bosni i Hercegovini da postane funkcionalna, prenosi&nbsp;<em><a href=\"https:\/\/www.google.com\/url?sa=D&amp;q=https:\/\/www.dw.com\/bs\/njema%25C4%258Dki-list-hrvatska-tra%25C5%25BEi-promjenu-izbornog-zakona-u-bih\/a-57061568&amp;ust=1617288720000000&amp;usg=AOvVaw2mucCtOHdgMfcFyN-tJrFR&amp;hl=en&amp;source=gmail\" target=\"_blank\" rel=\"noreferrer noopener\">DW<\/a><\/em>.&nbsp;<\/p>\n\n\n\n<p>No, njegov &#8220;Zagreba\u010dki non-paper&#8221;, koji je predstavio prije sedam dana u Briselu, pokazao se kao manipulacija, koje umnogome poma\u017ee daljnjoj destabilizaciji zemlje.<br><br>Gordan Grli\u0107 Radman \u017eeli provesti Izborni zakon u Bosni i Hercegovini, kojim se \u017eeli&nbsp;<strong>pro\u0161iriti utjecaj tamo\u0161nje hrvatske nacionalisti\u010dke stranke HDZ BiH.<\/strong><\/p>\n\n\n\n<p>Stranka smatra nepravednim \u0161to hrvatskog \u010dlana tro\u010dlanog Predsjedni\u0161tva cijele dr\u017eave mogu birati svi gra\u0111ani entiteta &#8220;bosansko-hrvatske federacije&#8221; (op. red.: FBiH), a ne samo Hrvati.<\/p>\n\n\n\n<p>To je bio slu\u010daj sa&nbsp;<strong>\u017deljkom Kom\u0161i\u0107em<\/strong>, koji je prije dvije godine kao Hrvat izabran u dr\u017eavno predsjedni\u0161tvo BiH, ali pripada stranci socijalno-liberalne orjentacije, a ne HDZ-u BiH.<\/p>\n\n\n\n<p>Uz to, hrvatski nacionalisti \u017eele promijeniti Izborni zakon u odnosu na Dom naroda FBiH tako da imaju pravo veta. Dom naroda mo\u017ee ukidati zakone koje je usvojio parlament.<\/p>\n\n\n\n<p>Protiv toga govori presuda Suda za ljudska prava u Strasbourgu iz 2009. (op.red. \u201eSjedi\u0107-Finci\u201c). Tada su se vo\u0111e jevrejske zajednice i romske manjine u BiH usprotivili diskriminaciji gra\u0111ana koji ne spadaju u tri &#8220;konstitutivna naroda&#8221; Srbe, Hrvate i Bo\u0161njake, podigli tu\u017ebu i pobijedili. Jer prema Ustavu BiH, ljudi iz ovih grupa i oni koji se ne defini\u0161u nacionalno nemaju pravo biti birani na najvi\u0161e dr\u017eavne funkcije.<\/p>\n\n\n\n<h4 class=\"wp-block-heading\" id=\"h-presuda-sejdi-finci-suprotna-ciljevima-nacionalista-u-bih\"><strong>Presuda Sejdi\u0107-Finci suprotna ciljevima nacionalista u BiH<\/strong><\/h4>\n\n\n\n<p>Presuda Suda za ljudska prava zahtijeva jednak tretman svih gra\u0111ana u Bosni i Hercegovini \u2013 \u0161to je suprotno od onoga \u0161to nacionalisti \u017eele: a oni \u017eele dalje razdvajanje etni\u010dkih grupa. Na primjer, \u0161ef HDZ-a Dragan \u010covi\u0107 tra\u017ei osnivanje nacionalno definiranog &#8220;hrvatskog entiteta&#8221; Herceg-Bosne, zaklju\u010duje njema\u010dki list, prenosi DW.<\/p>\n\n\n\n<p>To je u suprotnosti sa evropskim zakonom, koji je preduvjet za u\u010dlanjenje u EU. Nedavno je, kao odgovor na upit Saveza 90\/ Zeleni, Ministarstvo vanjskih poslova Njema\u010dke saop\u0161tilo da se u BiH mora provesti ustavna reforma u skladu sa presudom Sejdi\u0107-Finci.<\/p>\n\n\n\n<p>Hrvatski ministar vanjskih poslova tra\u017eio je za promjenu Izbornog zakona podr\u0161ku od zemalja EU u kojima su prisutne i \u0161ovinisti\u010dko-nacionalisti\u010dke ideologije.<\/p>\n\n\n\n<p>Ma\u0111arska, Bugarska, Slovenija, Gr\u010dka i Cipar potpisale su &#8220;Zagreba\u010dki non-paper&#8221;.<\/p>\n","protected":false},"excerpt":{"rendered":"<p>Cilj HDZ-a je da pro\u0161iri uticaj Hrvatske u Bosni i Hercegovini. Vi\u0161e zemalja Evropske unije, koje nisu imune na \u0161ovinisti\u010dko-nacionalisti\u010dku ideologiju, to podr\u017eava, pi\u0161e&nbsp;Tageszeitung&nbsp;iz Berlina. \u0160ta \u017eeli Hrvatska? Hrvatski ministar vanjskih poslova&nbsp;Gordan Grli\u0107 Radman&nbsp;neprestano radi na \u0161irenju hrvatskog utjecaja u Bosni i Hercegovini. Radman je nedavno u Briselu izjavio da Hrvatska \u017eeli pomo\u0107i svojoj susjednoj [&hellip;]<\/p>\n","protected":false},"author":59,"featured_media":25987,"comment_status":"closed","ping_status":"closed","sticky":false,"template":"","format":"standard","meta":{"inline_featured_image":false,"footnotes":""},"categories":[376,40],"tags":[],"class_list":{"0":"post-25986","1":"post","2":"type-post","3":"status-publish","4":"format-standard","5":"has-post-thumbnail","7":"category-featured","8":"category-region"},"acf":[],"_links":{"self":[{"href":"https:\/\/tvsensor.com\/api\/wp\/v2\/posts\/25986","targetHints":{"allow":["GET"]}}],"collection":[{"href":"https:\/\/tvsensor.com\/api\/wp\/v2\/posts"}],"about":[{"href":"https:\/\/tvsensor.com\/api\/wp\/v2\/types\/post"}],"author":[{"embeddable":true,"href":"https:\/\/tvsensor.com\/api\/wp\/v2\/users\/59"}],"replies":[{"embeddable":true,"href":"https:\/\/tvsensor.com\/api\/wp\/v2\/comments?post=25986"}],"version-history":[{"count":2,"href":"https:\/\/tvsensor.com\/api\/wp\/v2\/posts\/25986\/revisions"}],"predecessor-version":[{"id":25994,"href":"https:\/\/tvsensor.com\/api\/wp\/v2\/posts\/25986\/revisions\/25994"}],"wp:featuredmedia":[{"embeddable":true,"href":"https:\/\/tvsensor.com\/api\/wp\/v2\/media\/25987"}],"wp:attachment":[{"href":"https:\/\/tvsensor.com\/api\/wp\/v2\/media?parent=25986"}],"wp:term":[{"taxonomy":"category","embeddable":true,"href":"https:\/\/tvsensor.com\/api\/wp\/v2\/categories?post=25986"},{"taxonomy":"post_tag","embeddable":true,"href":"https:\/\/tvsensor.com\/api\/wp\/v2\/tags?post=25986"}],"curies":[{"name":"wp","href":"https:\/\/api.w.org\/{rel}","templated":true}]}}