{"id":25980,"date":"2021-03-31T17:58:39","date_gmt":"2021-03-31T16:58:39","guid":{"rendered":"https:\/\/senzor.ba\/?p=25980"},"modified":"2024-01-15T21:39:03","modified_gmt":"2024-01-15T20:39:03","slug":"primjer-dobre-prakse-dzemat-dubrave-gornje-zasadio-deset-dunuma-oraha","status":"publish","type":"post","link":"https:\/\/tvsensor.com\/clanak\/primjer-dobre-prakse-dzemat-dubrave-gornje-zasadio-deset-dunuma-oraha\/","title":{"rendered":"Primjer dobre prakse: D\u017eemat Dubrave Gornje zasadio deset dunuma oraha"},"content":{"rendered":"\n<p><strong>Vakufi su u pro\u0161losti bili veliki oslonac u radu i funkcionisanju d\u017eemata i Islamske zajednice (IZ) u cjelini. Me\u0111utim, oduzimanjem vakufske imovine, pogotovo one perspektivne, vakufi su jedno vrijeme bili u odre\u0111enoj mjeri zapostavljeni. Danas sve vi\u0161e d\u017eemata nastoji u funkciju staviti vakufsku imovinu i iskoristiti njen potencijal.<\/strong><\/p>\n\n\n\n<p>U d\u017eematu Dubrave Gornje, Med\u017elis Islamske zajednice (MIZ) \u017divinice u subotu, 27. marta zavr\u0161ili su akciju sadnje deset dunuma oraha.<\/p>\n\n\n\n<p>&#8211; Mi smo imali projekat sadnje kukuruza u pro\u0161loj godini, i pokazao se uspje\u0161nim, gdje smo ubrali ne\u0161to vi\u0161e od 11 tona kukuruza. Me\u0111utim, na\u0161e vakufske parcele nisu u ravni\u010darskim predjelima i usitnjene su tako da nam izuzetno ote\u017eava pristup velikoj mehanizaciji. Smatramo da je uspostava vo\u0107njaka najbolji na\u010din da se vakufi unaprede i sa\u010duvaju od propadanja \u2013 ka\u017ee za Preporod.info Almir Dedi\u0107, predsjednik D\u017eematskog odbora.<\/p>\n\n\n\n<p>Sama ideja o sadnji oraha je projekat koji je zami\u0161ljen mnogo prije. Naime, d\u017eemat je pro\u0161le godine uz pomo\u0107 Vakufske direkcije zasadio 30 dunuma kukuruza, a s obzirom na to da su vakufske parcele usitnjene, shvatili su da ih je neisplativo tako odr\u017eavati. Procijenili su da je u tom slu\u010daju sadnju vo\u0107njaka bolja opcija.<\/p>\n\n\n\n<p>&#8211; Ukupno do sada je zasa\u0111eno deset dunuma, a na\u0161 nijjet je da se sva vakufska imovina zasadi pod orah, kako bi sa zna\u010dajnom koli\u010dinom proizvoda mogli iza\u0107i i na tr\u017ei\u0161te. Raspola\u017eemo sa oko 100 dunuma vakufske imovine i zaista treba jedna dobra volja i doma\u0107inski odnos da se u ovim vremenima ta imovina odr\u017eava \u2013 isti\u010de Dedi\u0107.<\/p>\n\n\n\n<p><strong>Velike mogu\u0107nosti<\/strong><\/p>\n\n\n\n<p>&#8211; D\u017eemat Dubrave Gornje je d\u017eemat koji ima 1350 \u010dlanova, \u010detiri d\u017eamije, \u0161est mekteba te jednu tekiju. D\u017eemat ima dva imama. Amir-ef. Saki\u0107, imam d\u017eemata isti\u010de da su d\u017eematlije izuzetno aktivne, a infrastruktura koju imaju govori tome u prilog, pi\u0161e\u00a0<a href=\"https:\/\/www.preporod.info\/bs\/article\/22642\/primjer-dobre-prakse-dzemat-dubrave-gornje-zasadio-deset-dunuma-oraha?fbclid=IwAR3-xtbSOs7IfG5qh9loZIPBwPoYI3OQnQCWN3ca_qdezPAMSiY7RVfmk-c\">Preporod.info.<\/a><\/p>\n\n\n\n<p>&#8211; Naravno da imami i \u010dlanovi d\u017eematskog odbora trebaju i moraju biti najaktivniji i nosioci svih aktivnosti. Na\u0161 d\u017eemat broji 18 mezaristana te oko 100 dunuma vakufske zemlje. Potreban je tu, slo\u017eit \u0107ete se, doma\u0107inski odnos kako bi sve izgledalo u najboljem redu. \u0160to se ti\u010de perspektive d\u017eematskih vakufa, one su velike. Zasadili smo sada orahe od kojih u budu\u0107nosti o\u010dekujemo finansijsku dobit. Te\u0161ka su vremena, sve vi\u0161e ljudi okre\u0107e le\u0111a od poljoprivrede, tako da je te\u0161ko na\u0107i na\u010dina kako vakufske parcele o\u010duvati i u\u010diniti perspektivnom \u2013 govori Saki\u0107.<\/p>\n\n\n\n<p>\u010clanovi D\u017eematskog odbora i imami na ovaj na\u010din poku\u0161avaju razvijati vakufsku imovinu. Vakuf je na\u0161 emanet, nagla\u0161ava imam Saki\u0107, i du\u017enost nam je da se o njemu na najbolji na\u010din brinemo.<\/p>\n\n\n\n<p>&#8211; Namjera nam je da i u narednom periodu provodimo ovakve i sli\u010dne projekte. Sve ovo \u0161to smo do sada uradili zasluga je na\u0161ih dobrih d\u017eematlija kojima se ovom prilikom zahvaljujemo i molimo Allaha da ih nagradi Svojom nagradom \u2013 ka\u017ee Saki\u0107.<\/p>\n\n\n\n<p>Vakufski kapaciteti ovog d\u017eemata su ogromni, isti\u010de Dedi\u0107, te je bitno napraviti dobar i jasan plan sa mjerljivim rezultatima. D\u017eemat je anga\u017eovao i agronoma i smatraju da je takav pristup jedini na\u010din koji vodi ka uspjehu.<\/p>\n\n\n\n<p>Za svaki vakuf je potrebno da se napravi plan proizvodnje. Nadaju se uz Bo\u017eiju pomo\u0107, stava je predsjednik D\u017eematskog odbora, da \u0107e i uspjeti u ovim namjerama.<\/p>\n\n\n\n<p>&#8211; Vakufe treba razvijati shodno potrebama i mogu\u0107nostima d\u017eemata. Vakufima treba buditi svijest Bo\u0161njaka o o\u010duvanju imovine koja nam je povjerena u emanet. Vakufi trebaju i moraju biti primjer najbolje prakse, da li u poljoprivredi ili u infrastrukturi. A mi Bo\u0161njaci treba da poka\u017eemo da smo dostojni \u010duvati i unapre\u0111ivati povjerene nam emanete \u2013 ka\u017ee na kraju Preporod.info Dedi\u0107.<\/p>\n","protected":false},"excerpt":{"rendered":"<p>Vakufi su u pro\u0161losti bili veliki oslonac u radu i funkcionisanju d\u017eemata i Islamske zajednice (IZ) u cjelini. Me\u0111utim, oduzimanjem vakufske imovine, pogotovo one perspektivne, vakufi su jedno vrijeme bili u odre\u0111enoj mjeri zapostavljeni. Danas sve vi\u0161e d\u017eemata nastoji u funkciju staviti vakufsku imovinu i iskoristiti njen potencijal. U d\u017eematu Dubrave Gornje, Med\u017elis Islamske zajednice [&hellip;]<\/p>\n","protected":false},"author":59,"featured_media":25981,"comment_status":"closed","ping_status":"closed","sticky":false,"template":"","format":"standard","meta":{"inline_featured_image":false,"footnotes":""},"categories":[44],"tags":[],"class_list":{"0":"post-25980","1":"post","2":"type-post","3":"status-publish","4":"format-standard","5":"has-post-thumbnail","7":"category-poljoprivreda"},"acf":[],"_links":{"self":[{"href":"https:\/\/tvsensor.com\/api\/wp\/v2\/posts\/25980","targetHints":{"allow":["GET"]}}],"collection":[{"href":"https:\/\/tvsensor.com\/api\/wp\/v2\/posts"}],"about":[{"href":"https:\/\/tvsensor.com\/api\/wp\/v2\/types\/post"}],"author":[{"embeddable":true,"href":"https:\/\/tvsensor.com\/api\/wp\/v2\/users\/59"}],"replies":[{"embeddable":true,"href":"https:\/\/tvsensor.com\/api\/wp\/v2\/comments?post=25980"}],"version-history":[{"count":3,"href":"https:\/\/tvsensor.com\/api\/wp\/v2\/posts\/25980\/revisions"}],"predecessor-version":[{"id":25985,"href":"https:\/\/tvsensor.com\/api\/wp\/v2\/posts\/25980\/revisions\/25985"}],"wp:featuredmedia":[{"embeddable":true,"href":"https:\/\/tvsensor.com\/api\/wp\/v2\/media\/25981"}],"wp:attachment":[{"href":"https:\/\/tvsensor.com\/api\/wp\/v2\/media?parent=25980"}],"wp:term":[{"taxonomy":"category","embeddable":true,"href":"https:\/\/tvsensor.com\/api\/wp\/v2\/categories?post=25980"},{"taxonomy":"post_tag","embeddable":true,"href":"https:\/\/tvsensor.com\/api\/wp\/v2\/tags?post=25980"}],"curies":[{"name":"wp","href":"https:\/\/api.w.org\/{rel}","templated":true}]}}