{"id":25974,"date":"2021-03-31T11:59:53","date_gmt":"2021-03-31T10:59:53","guid":{"rendered":"https:\/\/senzor.ba\/?p=25974"},"modified":"2024-01-15T21:39:04","modified_gmt":"2024-01-15T20:39:04","slug":"bbc-o-oscarima-jasmila-i-kaouther-zene-redateljice-bave-se-teskim-istinama","status":"publish","type":"post","link":"https:\/\/tvsensor.com\/clanak\/bbc-o-oscarima-jasmila-i-kaouther-zene-redateljice-bave-se-teskim-istinama\/","title":{"rendered":"BBC o Oscarima: Jasmila i Kaouther, \u017eene, redateljice bave se te\u0161kim istinama"},"content":{"rendered":"\n<p>Uklju\u010divanje dvije redateljice &#8211;&nbsp;<strong>Chloe Zhao i Emerald Fennell<\/strong>&nbsp;&#8211; u nominacije za najbolju re\u017eiju na ovogodi\u0161njim Oscarima pozdravljeno je kao historijsko. Ali, jo\u0161 dvije redateljice tako\u0111er se natje\u010du na ceremoniji 2021. godine sa svojim dugometra\u017enim filmovima.<\/p>\n\n\n\n<p>Pi\u0161e ovo danas&nbsp;<em>BBC<\/em>, u tekstu naslova &#8220;\u017dene, redateljice bave se te\u0161kim istinama&#8221; navode\u0107i na\u0161u&nbsp;<strong>Jasmilu \u017dbani\u0107 i film&nbsp;<em>Quo Vadis, Aida?<\/em><\/strong>, te film&nbsp;<em>The Man Who Sold His Skin&nbsp;<\/em>koji je re\u017eirala Tuni\u017eanka&nbsp;<strong>Kaouthere Bena Hanije<\/strong>. Oba filma su nominirani su za nagradu za najbolje me\u0111unarodno filmsko ostvarenje.<\/p>\n\n\n\n<p>\u017dbani\u0107 je nominirana i za BAFTA nagrade u istoj kategoriji, a nomirana je i za najbolju re\u017eiju.<\/p>\n\n\n\n<p><em>Quo Vadis, Aida?<\/em>&nbsp;pri\u010da je o UN-ovoj prevoditeljici, koju glumi&nbsp;<strong>Jasna \u0110uri\u010di\u0107<\/strong>&nbsp;i njenoj borbi za spas obitelji u genocidu u Srebrenici, kada su srpske snage, u julu 1995. godine, ubile 8000 mu\u0161karaca i dje\u010daka iz ovog grada.<\/p>\n\n\n\n<p>Film je financiralo devet europskih zemalja, uklju\u010duju\u0107i Bosnu i Hercegovinu.<\/p>\n\n\n\n<p><em>&#8220;Kad smo zapo\u010deli rad na filmu, prije pet godina,\u00a0<strong>izgledalo je kao nemogu\u0107a misija<\/strong>&#8220;, obja\u0161njava \u017dbani\u0107.\u00a0&#8220;Bosna nema filmsku industriju. Godi\u0161nje proizvedemo, mo\u017eda, jedan film s bud\u017eetom od oko milion eura. Ali, ovaj je film ko\u0161tao najmanje \u010detiri puta vi\u0161e i to je morala biti koprodukcija s drugim zemljama.&#8221;<\/em><\/p>\n\n\n\n<p>&#8220;Ovo je osjetljiva i bolna tema, a \u010dim smo&nbsp;<strong>spomenuli rije\u010d &#8216;genocid&#8217;<\/strong>, mnogi su se povukli, govore\u0107i: &#8216;To je prete\u0161ko&#8217;. Ipak, sad mislim&nbsp;da su ti ljudi oni&nbsp;koji misle da publika ne \u017eeli vidjeti te\u0161ke stvari&#8221;, kazala je \u017dbani\u0107 za&nbsp;<em>BBC<\/em>, te dodala:<\/p>\n\n\n\n<p>&#8220;Nominacije su nevjerovatna \u010dast. Redatelj se uvijek nada da \u0107e njihova pri\u010da u velikom broju doprijeti do srca ljudi, a sada imamo nominacije za Baftu i Oscara, i znam koliko \u0107e jo\u0161 ljudi sada vidjeti film.&#8221;<\/p>\n\n\n\n<p>Jedna od inspiracija za film bila je knjiga&nbsp;<strong>Hasana Nuhanovi\u0107a<\/strong>&nbsp;&#8211;&nbsp;<strong><em>Pod zastavom UN-a<\/em><\/strong>, no redateljica&nbsp;<em>Aidu<\/em>&nbsp;opisuje kao &#8220;kombinaciju mnogih koje smo upoznali ili o kojima smo \u010ditali&#8221;.<\/p>\n\n\n\n<p>&#8220;Hasan je bio prevoditelj koji je bio tamo u Srebrenici i njegova je obitelj uni\u0161tena&#8221;, obja\u0161njava ona. &#8220;Pa sam mu se obratila, ali bilo mu je te\u0161ko imati film zasnovan na njemu, a tako\u0111er sam\u00a0<strong>\u017eeljela i \u017eenu kao glavni lik, koja je htjela za\u0161tititi svoje sinove i supruga<\/strong>. U razvoju su mi mnoge \u017eene, \u010diji su sinovi bili u Srebrenici, bile inspiracija.&#8221;<\/p>\n\n\n\n<p><em>BBC\u00a0podsje\u0107a da je\u00a0\u017dbani\u0107 2006. godine osvojila Zlatnog medvjeda &#8211; najve\u0107e priznanje\u00a0na Berlinskom filmskom festivalu za svoj prvi dugometra\u017eni film\u00a0<strong>Grbavica<\/strong>.<\/em><\/p>\n\n\n\n<p>&#8220;Mnogo se stvari promijenilo otkako sam kao studentica studirala film&#8221;, komentira ona.<\/p>\n\n\n\n<p>&#8220;U povijesti stvaranja filma nikada nismo spomenuli nijednu redateljicu, pa sam&nbsp;<strong>\u010detiri godine u\u010dila o &#8211; genijalnim mu\u0161karcima<\/strong>.&nbsp;Imala sam 17 godina kada je rat po\u010deo, tako da nisam imala pristup mnogim informacijama. Kasnije su mi mnoge kolege&nbsp;govorile da bih trebala biti sa svojim djetetom, umjesto da snimam svoj prvi film. Samo su&nbsp;mi stvarali osje\u0107aj krivice&#8230;No, sada se i&nbsp;publika i filmske ekipe navikavaju na ideju da \u017eena re\u017eira.&#8221;<\/p>\n\n\n\n<p>&#8220;Ovaj film pokazuje i&nbsp;<strong>kako se \u017eenski pogled u ratu doista razlikuje<\/strong>&nbsp;i ima druga\u010diji na\u010din razmi\u0161ljanja&#8221;, dodala je Jasmila \u017dbani\u0107.<\/p>\n\n\n\n<p><em>BBC<\/em>&nbsp;pri\u010du zaklju\u010duje rije\u010dima: &#8220;Ovo su sjajni filmovi &#8211; i to ne samo zato \u0161to su ih re\u017eirale \u017eene.&#8221;<\/p>\n","protected":false},"excerpt":{"rendered":"<p>Uklju\u010divanje dvije redateljice &#8211;&nbsp;Chloe Zhao i Emerald Fennell&nbsp;&#8211; u nominacije za najbolju re\u017eiju na ovogodi\u0161njim Oscarima pozdravljeno je kao historijsko. Ali, jo\u0161 dvije redateljice tako\u0111er se natje\u010du na ceremoniji 2021. godine sa svojim dugometra\u017enim filmovima. Pi\u0161e ovo danas&nbsp;BBC, u tekstu naslova &#8220;\u017dene, redateljice bave se te\u0161kim istinama&#8221; navode\u0107i na\u0161u&nbsp;Jasmilu \u017dbani\u0107 i film&nbsp;Quo Vadis, Aida?, te [&hellip;]<\/p>\n","protected":false},"author":59,"featured_media":25975,"comment_status":"closed","ping_status":"closed","sticky":false,"template":"","format":"standard","meta":{"inline_featured_image":false,"footnotes":""},"categories":[46,53],"tags":[],"class_list":{"0":"post-25974","1":"post","2":"type-post","3":"status-publish","4":"format-standard","5":"has-post-thumbnail","7":"category-kultura","8":"category-magazin"},"acf":[],"_links":{"self":[{"href":"https:\/\/tvsensor.com\/api\/wp\/v2\/posts\/25974","targetHints":{"allow":["GET"]}}],"collection":[{"href":"https:\/\/tvsensor.com\/api\/wp\/v2\/posts"}],"about":[{"href":"https:\/\/tvsensor.com\/api\/wp\/v2\/types\/post"}],"author":[{"embeddable":true,"href":"https:\/\/tvsensor.com\/api\/wp\/v2\/users\/59"}],"replies":[{"embeddable":true,"href":"https:\/\/tvsensor.com\/api\/wp\/v2\/comments?post=25974"}],"version-history":[{"count":1,"href":"https:\/\/tvsensor.com\/api\/wp\/v2\/posts\/25974\/revisions"}],"predecessor-version":[{"id":25976,"href":"https:\/\/tvsensor.com\/api\/wp\/v2\/posts\/25974\/revisions\/25976"}],"wp:featuredmedia":[{"embeddable":true,"href":"https:\/\/tvsensor.com\/api\/wp\/v2\/media\/25975"}],"wp:attachment":[{"href":"https:\/\/tvsensor.com\/api\/wp\/v2\/media?parent=25974"}],"wp:term":[{"taxonomy":"category","embeddable":true,"href":"https:\/\/tvsensor.com\/api\/wp\/v2\/categories?post=25974"},{"taxonomy":"post_tag","embeddable":true,"href":"https:\/\/tvsensor.com\/api\/wp\/v2\/tags?post=25974"}],"curies":[{"name":"wp","href":"https:\/\/api.w.org\/{rel}","templated":true}]}}