{"id":25971,"date":"2021-03-31T10:22:57","date_gmt":"2021-03-31T09:22:57","guid":{"rendered":"https:\/\/senzor.ba\/?p=25971"},"modified":"2024-01-15T21:39:04","modified_gmt":"2024-01-15T20:39:04","slug":"vise-od-700-godina-zatvora-za-genocid-u-srebrenici","status":"publish","type":"post","link":"https:\/\/tvsensor.com\/clanak\/vise-od-700-godina-zatvora-za-genocid-u-srebrenici\/","title":{"rendered":"Vi\u0161e od 700 godina zatvora za genocid u Srebrenici"},"content":{"rendered":"\n<p>U Memorijalnom centru Srebrenica-Poto\u010dari danas \u0107e u\u010denjem Fatihe i polaganjem cvije\u0107a biti obilje\u017eena 18. godi\u0161njica od prve d\u017eenaze \u017ertvama genocida.<\/p>\n\n\n\n<p>Tokom 2003. godine u Memorijalnom centru Poto\u010dari obavljene su tri d\u017eenaze. Prva 31. marta, kada je ukopano 600 \u017ertava genocida. Druga d\u017eenaza je bila 11. jula kada su ukopane 282 \u017ertve, i tre\u0107a 20. septembra 2003. godine kada je ukopano 107 \u017ertava. Ukupno te godine ukopano je 989 \u017ertava genocida.<\/p>\n\n\n\n<p>Memorijalni centar Poto\u010dari zvani\u010dno je otvoren 20. septembra 2003. godine, a otvorio ga je biv\u0161i ameri\u010dki predsjednik Bill Clinton. U mezarju Memorijalnog centra Srebrenica-Poto\u010dari do sada su ukopane 6.652 \u017ertve genocida, a obavljeno je 20 kolektivnih d\u017eenaza.<\/p>\n\n\n\n<p>Pro\u0161le godine, 11. jula obilje\u017eena je 25. godi\u0161njica od genocida u Srebrenici. Vi\u0161e od 40 svjetskih dr\u017eavnika poslali su jedinstvenu poruku: \u201cGenocid je \u010dinjenica, negiranje nije prihvatljivo!\u201d.<\/p>\n\n\n\n<p>Za genocid u Srebrenici, kada je u samo nekoliko dana jula mjeseca 1995. godine, ubijeno vi\u0161e od 8.372 Bo\u0161njaka, do sada je osu\u0111eno 47 zlo\u010dinaca na vi\u0161e od 700 godina zatvora, a izre\u010dene su i \u010detiri do\u017eivotne kazne.<\/p>\n\n\n\n<p>Biv\u0161i komandant Vojske Republike Srpske general Ratko Mladi\u0107 nalazi se u pritvoru Ha\u0161kog tribunala, gdje \u010deka pravosna\u017enu presudu. Prvostepenom presudom iz 2017. godine osu\u0111en je na do\u017eivotnu robiju.<\/p>\n\n\n\n<p>Sud u Hagu ve\u0107 je pravosna\u017eno osudio biv\u0161eg predsjednik RS-a Radovana Karad\u017ei\u0107a na do\u017eivotni zatvor 2019. godine. U Hagu su izre\u010dene jo\u0161 tri pravosna\u017ene do\u017eivotne kazne za genocid u Srebrenici, i to 2010. biv\u0161em na\u010delniku za sigurnost glavnog \u0161taba VRS-a Ljubi\u0161i Beari, koji je umro u Berlinu 2017. godine, potom 2015. godine biv\u0161em pomo\u0107niku komandanta za obavje\u0161tajno-sigurnosne poslove glavnog \u0161taba VRS-a Zdravku Tolimiru, koji je umro godinu kasnije.<\/p>\n\n\n\n<p>Na do\u017eivotnu robiju osu\u0111en je i potpukovnik Drinskog korpusa VRS Vujadin Popovi\u0107, koji je prola\u0161en krivim za genocid, istrebljenje, ubistvo i progon Bo\u0161njaka. Prva presuda koja je zlo\u010din u Srebrenici okarakterisala kao genocid izre\u010dena je 2001. godine u Hagu biv\u0161em generalu VRS-a Radislavu Krsti\u0107u,koji je osu\u0111en na 35 godina zatvora. Na dugogodi\u0161nje kazne zatvora osu\u0111eni su i oficiri VRS-a Drago Nikoli\u0107 35 godina, Dragan Obrenovi\u0107 17 godina, Momir Nikoli\u0107 20 godina i Radivoje Mileti\u0107 18 godina.<\/p>\n\n\n\n<p>U Hagu je osu\u0111en i pripadnik 10. diverzantskog odreda Dra\u017een Erdemovi\u0107, prvi zlo\u010dinac koji je pred tim sudom priznao krivicu za ubistva zarobljenih Bo\u0161njaka.<br>Erdemovi\u0107 je uhap\u0161en jo\u0161 1996. u Srbiji i iste godine je u Hagu osu\u0111en na pet godina zatvora, a njegovo svjedo\u010denje kasnije je doprinijelo osu\u0111uju\u0107oj presudi protiv zlo\u010dinca Ratka Mladi\u0107a. U Srbiji su do sada donesene samo dvije presude za zlo\u010dine u vezi Srebrenice, a jedan postupak je u toku. \u010cetverica pripadnika \u0160korpiona, uhap\u0161eni 2005. zbog ubistva Srebreni\u010dana koje su snimili u okolini Trnova, osu\u0111eni su 2007. na ukupno 53 godine zatvora.<\/p>\n\n\n\n<p>Jo\u0161 dvojica \u0160korpiona Milorad Momi\u0107 i Slobodan Davidovi\u0107 osu\u0111eni su u Hrvatskoj za isti zlo\u010din. U Srbiji je zbog Srebrenice osu\u0111en Brano Gojkovi\u0107, koji je sa Tu\u017eila\u0161tvom za ratne zlo\u010dine sklopio sporazum o priznanju krivice 2016. godine. On je osu\u0111en na 10 godina zatvora zbog ratnog zlo\u010dina protiv civilnog stanovni\u0161tva.<br>Po\u0161to zvani\u010dni Beograd ne priznaje da se u Srebrenici dogodio genocid, optu\u017enice podignute u Srbiji vezane za zlo\u010dine u Srebrenici ne koriste tu formulaciju. U toku je i su\u0111enje po optu\u017enici iz 2016. za zlo\u010din u selu Kravica, u kome je jula 1995. ubijeno vi\u0161e od 1.300 Bo\u0161njaka iz Srebrenice.<\/p>\n\n\n\n<p>Sud Bosne i Hercegovine donio je 25 presuda, od \u010dega je 13 za zlo\u010din genocida, a aktuelno je jo\u0161 pet predmeta protiv ukupno deset optu\u017eenih.<\/p>\n\n\n\n<p>U posljednjih godinu dana podignuta je jedna optu\u017enica za genocid u Srebrenici, i to protiv nekada\u0161njeg komandanta 65. za\u0161titnog motorizovanog puka VRS Milomira Sav\u010di\u0107a. On je u decembru 2019. optu\u017een da je svjesno pomagao zlo\u010dincima Ratku Mladi\u0107u i drugim oficirimaVRS-a i policije da zarobe, pogube i zakopaju mu\u0161karce Bo\u0161njake iz Srebrenice.<\/p>\n\n\n\n<p>Presudom iz 2007. godine, Me\u0111unarodni sud pravde u Hagu je dokazao da je dr\u017eava Srbija prekr\u0161ila Konvenciju o spre\u010davanju i ka\u017enjavanju zlo\u010dina genocida time \u0161to nije u\u010dinila sve \u0161to je bilo u njenoj mo\u0107i da sprije\u010di genocid.<\/p>\n","protected":false},"excerpt":{"rendered":"<p>U Memorijalnom centru Srebrenica-Poto\u010dari danas \u0107e u\u010denjem Fatihe i polaganjem cvije\u0107a biti obilje\u017eena 18. godi\u0161njica od prve d\u017eenaze \u017ertvama genocida. Tokom 2003. godine u Memorijalnom centru Poto\u010dari obavljene su tri d\u017eenaze. Prva 31. marta, kada je ukopano 600 \u017ertava genocida. Druga d\u017eenaza je bila 11. jula kada su ukopane 282 \u017ertve, i tre\u0107a 20. septembra [&hellip;]<\/p>\n","protected":false},"author":59,"featured_media":25972,"comment_status":"closed","ping_status":"closed","sticky":false,"template":"","format":"standard","meta":{"inline_featured_image":false,"footnotes":""},"categories":[47],"tags":[],"class_list":{"0":"post-25971","1":"post","2":"type-post","3":"status-publish","4":"format-standard","5":"has-post-thumbnail","7":"category-historija"},"acf":[],"_links":{"self":[{"href":"https:\/\/tvsensor.com\/api\/wp\/v2\/posts\/25971","targetHints":{"allow":["GET"]}}],"collection":[{"href":"https:\/\/tvsensor.com\/api\/wp\/v2\/posts"}],"about":[{"href":"https:\/\/tvsensor.com\/api\/wp\/v2\/types\/post"}],"author":[{"embeddable":true,"href":"https:\/\/tvsensor.com\/api\/wp\/v2\/users\/59"}],"replies":[{"embeddable":true,"href":"https:\/\/tvsensor.com\/api\/wp\/v2\/comments?post=25971"}],"version-history":[{"count":1,"href":"https:\/\/tvsensor.com\/api\/wp\/v2\/posts\/25971\/revisions"}],"predecessor-version":[{"id":25973,"href":"https:\/\/tvsensor.com\/api\/wp\/v2\/posts\/25971\/revisions\/25973"}],"wp:featuredmedia":[{"embeddable":true,"href":"https:\/\/tvsensor.com\/api\/wp\/v2\/media\/25972"}],"wp:attachment":[{"href":"https:\/\/tvsensor.com\/api\/wp\/v2\/media?parent=25971"}],"wp:term":[{"taxonomy":"category","embeddable":true,"href":"https:\/\/tvsensor.com\/api\/wp\/v2\/categories?post=25971"},{"taxonomy":"post_tag","embeddable":true,"href":"https:\/\/tvsensor.com\/api\/wp\/v2\/tags?post=25971"}],"curies":[{"name":"wp","href":"https:\/\/api.w.org\/{rel}","templated":true}]}}