{"id":25951,"date":"2021-03-31T09:08:06","date_gmt":"2021-03-31T08:08:06","guid":{"rendered":"https:\/\/senzor.ba\/?p=25951"},"modified":"2024-01-15T21:39:04","modified_gmt":"2024-01-15T20:39:04","slug":"bursac-porucio-abazovicu-neka-mali-musolini-za-srebrenicu-kaze-premijeru-i-crkvenoj-vladi","status":"publish","type":"post","link":"https:\/\/tvsensor.com\/clanak\/bursac-porucio-abazovicu-neka-mali-musolini-za-srebrenicu-kaze-premijeru-i-crkvenoj-vladi\/","title":{"rendered":"Bursa\u0107 poru\u010dio Abazovi\u0107u: Neka mali Musolini za Srebrenicu ka\u017ee premijeru i crkvenoj vladi"},"content":{"rendered":"\n<p><strong>Novinar i kolumnist iz Banje Luke Dragan Bursa\u0107 poslao je \u017eestoku poruku potpredsjedniku Vlade Crne Gore Dritanu Abazovi\u0107u.<\/strong><\/p>\n\n\n\n<p>Bursa\u0107 je u intervjuu za \u201eSlobodnu Bosnu\u201c jasno osudio stavove crnogorskog ministra Vladimira Leposavi\u0107a koji je negirao genocid u Srebrenici, a lidera pokreta URA i potpredsjednika Vlade Crne Gore Dritana Abazovi\u0107a nazvao \u201eTrojanskim konjem\u201c, te upozorio na te\u0161ke posljedice po Crnu Goru i cijelu regiju ukoliko se ostvare planovi \u201eSrpskog sveta\u201c.<\/p>\n\n\n\n<p>U me\u0111uvremenu, Abazovi\u0107 se oglasio na dru\u0161tvenim mre\u017eama i poru\u010dio da se genocid u Srebrenici dogodio.<\/p>\n\n\n\n<ul class=\"wp-block-list\"><li>A kome ovo Mali Musolini govori? Neka to ka\u017ee svom premijeru ili ministru pravosu\u0111a ili ministrici kulture i svega ili cijeloj crkvenoj vladi. Zna svijet za ovu o\u010devidnost i bez Dritana \u2013 poru\u010dio je Bursa\u0107.<\/li><\/ul>\n\n\n\n<figure class=\"wp-block-image\"><img decoding=\"async\" src=\"https:\/\/static.hayat.ba\/2021\/03\/bursac-dritan.jpg\" alt=\"\" class=\"wp-image-382131\"\/><\/figure>\n","protected":false},"excerpt":{"rendered":"<p>Novinar i kolumnist iz Banje Luke Dragan Bursa\u0107 poslao je \u017eestoku poruku potpredsjedniku Vlade Crne Gore Dritanu Abazovi\u0107u. Bursa\u0107 je u intervjuu za \u201eSlobodnu Bosnu\u201c jasno osudio stavove crnogorskog ministra Vladimira Leposavi\u0107a koji je negirao genocid u Srebrenici, a lidera pokreta URA i potpredsjednika Vlade Crne Gore Dritana Abazovi\u0107a nazvao \u201eTrojanskim konjem\u201c, te upozorio na [&hellip;]<\/p>\n","protected":false},"author":59,"featured_media":25952,"comment_status":"closed","ping_status":"closed","sticky":false,"template":"","format":"standard","meta":{"inline_featured_image":false,"footnotes":""},"categories":[43],"tags":[],"class_list":{"0":"post-25951","1":"post","2":"type-post","3":"status-publish","4":"format-standard","5":"has-post-thumbnail","7":"category-bih"},"acf":[],"_links":{"self":[{"href":"https:\/\/tvsensor.com\/api\/wp\/v2\/posts\/25951","targetHints":{"allow":["GET"]}}],"collection":[{"href":"https:\/\/tvsensor.com\/api\/wp\/v2\/posts"}],"about":[{"href":"https:\/\/tvsensor.com\/api\/wp\/v2\/types\/post"}],"author":[{"embeddable":true,"href":"https:\/\/tvsensor.com\/api\/wp\/v2\/users\/59"}],"replies":[{"embeddable":true,"href":"https:\/\/tvsensor.com\/api\/wp\/v2\/comments?post=25951"}],"version-history":[{"count":1,"href":"https:\/\/tvsensor.com\/api\/wp\/v2\/posts\/25951\/revisions"}],"predecessor-version":[{"id":25953,"href":"https:\/\/tvsensor.com\/api\/wp\/v2\/posts\/25951\/revisions\/25953"}],"wp:featuredmedia":[{"embeddable":true,"href":"https:\/\/tvsensor.com\/api\/wp\/v2\/media\/25952"}],"wp:attachment":[{"href":"https:\/\/tvsensor.com\/api\/wp\/v2\/media?parent=25951"}],"wp:term":[{"taxonomy":"category","embeddable":true,"href":"https:\/\/tvsensor.com\/api\/wp\/v2\/categories?post=25951"},{"taxonomy":"post_tag","embeddable":true,"href":"https:\/\/tvsensor.com\/api\/wp\/v2\/tags?post=25951"}],"curies":[{"name":"wp","href":"https:\/\/api.w.org\/{rel}","templated":true}]}}