{"id":25943,"date":"2021-03-31T08:47:27","date_gmt":"2021-03-31T07:47:27","guid":{"rendered":"https:\/\/senzor.ba\/?p=25943"},"modified":"2024-01-15T21:39:05","modified_gmt":"2024-01-15T20:39:05","slug":"danas-u-bih-umjereno-do-pretezno-oblacno-vrijeme","status":"publish","type":"post","link":"https:\/\/tvsensor.com\/clanak\/danas-u-bih-umjereno-do-pretezno-oblacno-vrijeme\/","title":{"rendered":"Danas u BiH umjereno do prete\u017eno obla\u010dno vrijeme"},"content":{"rendered":"\n<p>Danas se u Bosni i Hercegovini o\u010dekuje umjereno do prete\u017eno obla\u010dno vrijeme, uz postepeno razvedravanje tokom dana. Vjetar slab do umjeren isto\u010dni i sjeveroisto\u010dni. Jutarnja temperatura od \u010detiri do devet, na jugu do 12, a dnevna od 13 do 19, na jugu do 21 stepen Celzijusa.<\/p>\n\n\n\n<p>U Sarajevu se prije podne o\u010dekuje prete\u017eno obla\u010dno vrijeme, uz postepeno smanjenje naoblake tokom poslijepodneva. Jutarnja temperatura oko pet, dnevna oko 14 stepeni.<\/p>\n\n\n\n<p>U \u010detvrtak se o\u010dekuje sun\u010dano vrijeme. U jutarnjim satima po kotlinama Bosne i uz rije\u010dne tokove je mogu\u0107a magla. Jutarnja temperatura od \u010detiri do devet, na jugu do 12, a dnevna od 17 do 23 stepena Celzijusa.<\/p>\n\n\n\n<p>Za petak meteorolozi Federalnog hidrometeorolo\u0161kog zavoda (FHMZBiH), u Hercegovini prognoziraju obla\u010dno vrijeme. U ostatku zemlje jutro prete\u017eno sun\u010dano uz postepeno naobla\u010denje prije podne. Prije podne slaba ki\u0161a je mogu\u0107a u Posavini, a poslije podne i u ve\u010dernjim satima u ve\u0107ini podru\u010dja. Poslije podne uz ki\u0161u je mogu\u0107a i grmljavina. Na jugu Hercegovine se ne o\u010dekuju padavine. Jutarnja temperatura od \u0161est do 12, a dnevna od 13 do 20 stepeni Celzijusa.<\/p>\n\n\n\n<p>U subotu se o\u010dekuje prete\u017eno obla\u010dno vrijeme. Prije podne ki\u0161a se o\u010dekuje u Hercegovini i u Posavini. Poslije podne i u ve\u010dernjim satima padavine u cijeloj zemlji. U drugom dijelu poslijepodneva i u ve\u010dernjim satima u vi\u0161im podru\u010djima Bosne se o\u010dekuje snijeg i susnje\u017eica. Jutarnja temperatura od \u010detiri do devet, na jugu do 12, a dnevna od \u0161est do 11, na jugu do 10 do 15 stepeni.<\/p>\n","protected":false},"excerpt":{"rendered":"<p>Danas se u Bosni i Hercegovini o\u010dekuje umjereno do prete\u017eno obla\u010dno vrijeme, uz postepeno razvedravanje tokom dana. Vjetar slab do umjeren isto\u010dni i sjeveroisto\u010dni. Jutarnja temperatura od \u010detiri do devet, na jugu do 12, a dnevna od 13 do 19, na jugu do 21 stepen Celzijusa. U Sarajevu se prije podne o\u010dekuje prete\u017eno obla\u010dno vrijeme, [&hellip;]<\/p>\n","protected":false},"author":59,"featured_media":25944,"comment_status":"closed","ping_status":"closed","sticky":false,"template":"","format":"standard","meta":{"inline_featured_image":false,"footnotes":""},"categories":[38],"tags":[],"class_list":{"0":"post-25943","1":"post","2":"type-post","3":"status-publish","4":"format-standard","5":"has-post-thumbnail","7":"category-vijesti-iz-bih"},"acf":[],"_links":{"self":[{"href":"https:\/\/tvsensor.com\/api\/wp\/v2\/posts\/25943","targetHints":{"allow":["GET"]}}],"collection":[{"href":"https:\/\/tvsensor.com\/api\/wp\/v2\/posts"}],"about":[{"href":"https:\/\/tvsensor.com\/api\/wp\/v2\/types\/post"}],"author":[{"embeddable":true,"href":"https:\/\/tvsensor.com\/api\/wp\/v2\/users\/59"}],"replies":[{"embeddable":true,"href":"https:\/\/tvsensor.com\/api\/wp\/v2\/comments?post=25943"}],"version-history":[{"count":3,"href":"https:\/\/tvsensor.com\/api\/wp\/v2\/posts\/25943\/revisions"}],"predecessor-version":[{"id":25947,"href":"https:\/\/tvsensor.com\/api\/wp\/v2\/posts\/25943\/revisions\/25947"}],"wp:featuredmedia":[{"embeddable":true,"href":"https:\/\/tvsensor.com\/api\/wp\/v2\/media\/25944"}],"wp:attachment":[{"href":"https:\/\/tvsensor.com\/api\/wp\/v2\/media?parent=25943"}],"wp:term":[{"taxonomy":"category","embeddable":true,"href":"https:\/\/tvsensor.com\/api\/wp\/v2\/categories?post=25943"},{"taxonomy":"post_tag","embeddable":true,"href":"https:\/\/tvsensor.com\/api\/wp\/v2\/tags?post=25943"}],"curies":[{"name":"wp","href":"https:\/\/api.w.org\/{rel}","templated":true}]}}