{"id":25937,"date":"2021-03-30T20:57:45","date_gmt":"2021-03-30T19:57:45","guid":{"rendered":"https:\/\/senzor.ba\/?p=25937"},"modified":"2024-01-15T21:39:05","modified_gmt":"2024-01-15T20:39:05","slug":"akcija-posumljavanja-u-kaknju-povodom-svjetskog-dana-suma","status":"publish","type":"post","link":"https:\/\/tvsensor.com\/clanak\/akcija-posumljavanja-u-kaknju-povodom-svjetskog-dana-suma\/","title":{"rendered":"Akcija po\u0161umljavanja u Kaknju povodom Svjetskog dana \u0161uma"},"content":{"rendered":"\n<p>Pripadnici mjesnih zajednica Op\u0107ine Kakanj u saradnji s Op\u0107inom i \u0160umarijom izvr\u0161ili su protekle nedjelje po\u0161umljavanje lokaliteta \u0160komli\u0107i. Akcija je provedena u cilju obilje\u017eavanja i promocije Svjetskog dana \u0161uma koji ranije nije bio organizovan zbog nepovoljnih vremenskih uvjeta.&nbsp;<\/p>\n\n\n\n<p>Osman Krzi\u0107, predsjednik MZ Ri\u010dica, jedan je od predstavnika kakanjskih mjesnih zajednica koji su svojim u\u010de\u0161\u0107em doprinijeli o\u010duvanju ovog lokaliteta od pojave novih klizi\u0161ta.&nbsp;<\/p>\n\n\n\n<p>\u201eOkupili smo se da po\u0161aljemo jednu pozitivnu sliku dru\u0161tvu u vrijeme ovih negativnosti, u vrijeme pandemije, da se mogu neke korisne stvari privre\u0111ivati, kako za na\u0161e dobro tako i za dobro na\u0161e zajednice, istakao je Krzi\u0107.<\/p>\n\n\n\n<p>Radi se o tradicionalnom projektu koji je, zbog epidemiolo\u0161ke situacije, ove godine uslovio manji broj predsjednika op\u0107ine, ali i broj sadnica koje osigurava kakanjska \u0160umarija koja, kroz razne projekte, godi\u0161nje obezbijedi sadnju od 250 do 300 hiljada sadnica raznog drve\u0107a.<\/p>\n\n\n\n<p>\u201eObezbije\u0111eno je 750 sadnica, u pitanju su sadnice bijelog bora, starosti dvije godine. Nalazimo se na \u0161irem lokalitetu Te\u0161eva na kojem imamo vje\u0161ta\u010dkih zasada bijelog bora i onda smo i s obzirom na tip zemlji\u0161ta odabrali sadnice bijelog bora\u201c, isti\u010de Emir Ibrahimspahi\u0107, rukovodilac PJ \u0160umarija Kakanj.<\/p>\n\n\n\n<p>Iz Op\u0107ine isti\u010du da ovo nije jedini ekolo\u0161ki projekat, a posebno se isti\u010de i projekat detektiranja i sanacije divljih deponija na podru\u010dju Kaknja.&nbsp;<\/p>\n\n\n\n<p>\u201eOve godine ne vjerujem da \u0107emo uspjeti isplanirati i organizovati manifestaciju kakvu smo imali svake godine da za jedan dan o\u010distimo Kakanj, ali \u0107emo svakako uklju\u010diti mjesne zajednice, na\u0161e mje\u0161tane i biti pomo\u0107 ispred Op\u0107ine Kakanj\u201c, poru\u010dio je Mirnes Bajtarevi\u0107, na\u010delnik Op\u0107ine Kakanj.<\/p>\n\n\n\n<p>Ekolo\u0161ki &nbsp;projekti od velike su va\u017enosti za lokalnu zajednicu i o\u010duvanje \u017eivotne sredine za budu\u0107e nara\u0161taje.&nbsp;<\/p>\n\n\n\n<p>federalna.ba<\/p>\n","protected":false},"excerpt":{"rendered":"<p>Pripadnici mjesnih zajednica Op\u0107ine Kakanj u saradnji s Op\u0107inom i \u0160umarijom izvr\u0161ili su protekle nedjelje po\u0161umljavanje lokaliteta \u0160komli\u0107i. Akcija je provedena u cilju obilje\u017eavanja i promocije Svjetskog dana \u0161uma koji ranije nije bio organizovan zbog nepovoljnih vremenskih uvjeta.&nbsp; Osman Krzi\u0107, predsjednik MZ Ri\u010dica, jedan je od predstavnika kakanjskih mjesnih zajednica koji su svojim u\u010de\u0161\u0107em doprinijeli [&hellip;]<\/p>\n","protected":false},"author":59,"featured_media":25938,"comment_status":"closed","ping_status":"closed","sticky":false,"template":"","format":"standard","meta":{"inline_featured_image":false,"footnotes":""},"categories":[443],"tags":[],"class_list":{"0":"post-25937","1":"post","2":"type-post","3":"status-publish","4":"format-standard","5":"has-post-thumbnail","7":"category-ekologija"},"acf":[],"_links":{"self":[{"href":"https:\/\/tvsensor.com\/api\/wp\/v2\/posts\/25937","targetHints":{"allow":["GET"]}}],"collection":[{"href":"https:\/\/tvsensor.com\/api\/wp\/v2\/posts"}],"about":[{"href":"https:\/\/tvsensor.com\/api\/wp\/v2\/types\/post"}],"author":[{"embeddable":true,"href":"https:\/\/tvsensor.com\/api\/wp\/v2\/users\/59"}],"replies":[{"embeddable":true,"href":"https:\/\/tvsensor.com\/api\/wp\/v2\/comments?post=25937"}],"version-history":[{"count":1,"href":"https:\/\/tvsensor.com\/api\/wp\/v2\/posts\/25937\/revisions"}],"predecessor-version":[{"id":25939,"href":"https:\/\/tvsensor.com\/api\/wp\/v2\/posts\/25937\/revisions\/25939"}],"wp:featuredmedia":[{"embeddable":true,"href":"https:\/\/tvsensor.com\/api\/wp\/v2\/media\/25938"}],"wp:attachment":[{"href":"https:\/\/tvsensor.com\/api\/wp\/v2\/media?parent=25937"}],"wp:term":[{"taxonomy":"category","embeddable":true,"href":"https:\/\/tvsensor.com\/api\/wp\/v2\/categories?post=25937"},{"taxonomy":"post_tag","embeddable":true,"href":"https:\/\/tvsensor.com\/api\/wp\/v2\/tags?post=25937"}],"curies":[{"name":"wp","href":"https:\/\/api.w.org\/{rel}","templated":true}]}}