{"id":25933,"date":"2021-03-30T19:26:48","date_gmt":"2021-03-30T18:26:48","guid":{"rendered":"https:\/\/senzor.ba\/?p=25933"},"modified":"2024-01-15T21:39:05","modified_gmt":"2024-01-15T20:39:05","slug":"situacija-u-cg-podsjeca-na-90-e-narod-iz-bih-treba-pratiti-dogadjaje","status":"publish","type":"post","link":"https:\/\/tvsensor.com\/clanak\/situacija-u-cg-podsjeca-na-90-e-narod-iz-bih-treba-pratiti-dogadjaje\/","title":{"rendered":"\u201dSituacija u CG podsje\u0107a na \u201890-e, narod iz BiH treba pratiti doga\u0111aje\u201d"},"content":{"rendered":"\n<p>Ne sti\u0161avaju se reakcije na istupe pojedinih du\u017enosnika Crne Gore o srebreni\u010dkom genocidu a danas je za N1 govorio gradona\u010delnik Podgorice i potpredsjednik DPS-a Ivan Vukovi\u0107 o izjavi tamo\u0161njeg ministra pravde, ali i drugim aktualnim temama.<\/p>\n\n\n\n<p>O izjavama koje su se \u010dule u crnogorskoj skup\u0161tini, vezano za genocid u Srebrenici, Vukovi\u0107 je naglasio kako ga je \u201csramota i pred regionom i pred svijetom\u201d.<\/p>\n\n\n\n<p>\u201cSramota me zbog toga \u0161to ministar pravde u mojoj vladi je u stanju da izgovori onako ne\u0161to, odnosno da ne konstatuje ono \u0161to je \u010dinjenica koju je konstatovao Me\u0111unarodni sud i ako imamo problem da se u Srebrenici desio genocid ili da relativiziramo tu \u010dinjenicu, ne mo\u017eemo govoriti o bilo kakvom napretku, tako da svaki pristojni gra\u0111anin Crne Gore se stidi takvih izjava\u201c.<\/p>\n\n\n\n<p>Naveo je i kako je Crna Gora ve\u0107 dugo vremena podijeljeno dru\u0161tvo i da je dubina te podjele vezana za po\u010detak 20. vijeka. Istakao je i kako su tenzije u Crnoj Gori nikad ve\u0107e kao i dubina podjele.<\/p>\n\n\n\n<p>O ideji takozvane \u201cvelike Srbije\u201d i \u201csrpskog sveta\u201d je rekao kako tu nema razlike. <\/p>\n\n\n\n<p>\u201cPromijenile su se okolnosti. Vu\u010di\u0107 nema vojnu silu i mogu\u0107nost da djeluje kako je djelovao Milo\u0161evi\u0107, ali sama ideja da se taj prostor na kome \u017eivi jedan narod, da se politi\u010dki uobli\u010di, da se poni\u0161ti ono \u0161to je politi\u010dka realnost, a mi tu govorimo o tri dr\u017eave je vrlo opasno. Ukazujemo na to stalno, kao i predsjednik \u0110ukanovi\u0107, ali nisam siguran koliko ga ljudi \u010duje\u201c, naglasio je u Danu u\u017eivo.<\/p>\n\n\n\n<p>Vukovi\u0107 je kazao i kako se dr\u017eavna vlast igra sa dr\u017eavom Crnom Gorom. \u201cLjudi koji su do\u0161li da formiraju novu vladu su o\u010dito umislili da im to daje za pravo da dekonstrui\u0161u dr\u017eavu Crnu Goru\u201d, kazao je.<\/p>\n\n\n\n<p>Naveo je i da prvi put u posljednjih 15 godina manjina nema u vlasti te zemlje, a da je taj multikulturalizam najve\u0107a vrijednost Crne Gore.<\/p>\n\n\n\n<p>\u201cPoslanik Bo\u0161nja\u010dke stranke neki dan govori da ga ambijent u Crnoj Gori neodoljivo podsje\u0107a na \u201890-e godine\u201c, komentarisao je te pozvao da gra\u0111ani BiH pomno prate razvoj doga\u0111aja u Crnoj Gori.<\/p>\n\n\n\n<p>Vukovi\u0107 je rekao i kako se iskreno nada da ova vlada ne\u0107e odraditi puni mandat, jer ako se nastavi ovakav politi\u010dki eksperiment kako je kazao, u Crnoj Gori ne\u0107e ostati \u201cni kamen\u201d.<\/p>\n","protected":false},"excerpt":{"rendered":"<p>Ne sti\u0161avaju se reakcije na istupe pojedinih du\u017enosnika Crne Gore o srebreni\u010dkom genocidu a danas je za N1 govorio gradona\u010delnik Podgorice i potpredsjednik DPS-a Ivan Vukovi\u0107 o izjavi tamo\u0161njeg ministra pravde, ali i drugim aktualnim temama. O izjavama koje su se \u010dule u crnogorskoj skup\u0161tini, vezano za genocid u Srebrenici, Vukovi\u0107 je naglasio kako ga [&hellip;]<\/p>\n","protected":false},"author":59,"featured_media":25934,"comment_status":"closed","ping_status":"closed","sticky":false,"template":"","format":"standard","meta":{"inline_featured_image":false,"footnotes":""},"categories":[40],"tags":[],"class_list":{"0":"post-25933","1":"post","2":"type-post","3":"status-publish","4":"format-standard","5":"has-post-thumbnail","7":"category-region"},"acf":[],"_links":{"self":[{"href":"https:\/\/tvsensor.com\/api\/wp\/v2\/posts\/25933","targetHints":{"allow":["GET"]}}],"collection":[{"href":"https:\/\/tvsensor.com\/api\/wp\/v2\/posts"}],"about":[{"href":"https:\/\/tvsensor.com\/api\/wp\/v2\/types\/post"}],"author":[{"embeddable":true,"href":"https:\/\/tvsensor.com\/api\/wp\/v2\/users\/59"}],"replies":[{"embeddable":true,"href":"https:\/\/tvsensor.com\/api\/wp\/v2\/comments?post=25933"}],"version-history":[{"count":2,"href":"https:\/\/tvsensor.com\/api\/wp\/v2\/posts\/25933\/revisions"}],"predecessor-version":[{"id":25936,"href":"https:\/\/tvsensor.com\/api\/wp\/v2\/posts\/25933\/revisions\/25936"}],"wp:featuredmedia":[{"embeddable":true,"href":"https:\/\/tvsensor.com\/api\/wp\/v2\/media\/25934"}],"wp:attachment":[{"href":"https:\/\/tvsensor.com\/api\/wp\/v2\/media?parent=25933"}],"wp:term":[{"taxonomy":"category","embeddable":true,"href":"https:\/\/tvsensor.com\/api\/wp\/v2\/categories?post=25933"},{"taxonomy":"post_tag","embeddable":true,"href":"https:\/\/tvsensor.com\/api\/wp\/v2\/tags?post=25933"}],"curies":[{"name":"wp","href":"https:\/\/api.w.org\/{rel}","templated":true}]}}