{"id":25930,"date":"2021-03-30T18:41:00","date_gmt":"2021-03-30T17:41:00","guid":{"rendered":"https:\/\/senzor.ba\/?p=25930"},"modified":"2024-01-15T21:39:05","modified_gmt":"2024-01-15T20:39:05","slug":"state-department-u-srebrenici-se-dogodio-genocid-i-on-ne-smije-biti-zaboravljen","status":"publish","type":"post","link":"https:\/\/tvsensor.com\/clanak\/state-department-u-srebrenici-se-dogodio-genocid-i-on-ne-smije-biti-zaboravljen\/","title":{"rendered":"State Department: U Srebrenici se dogodio genocid i on ne smije biti zaboravljen"},"content":{"rendered":"\n<p>Stav Sjedinjenih Dr\u017eava o genocidu u Srebrenici je dugotrajan i nepokolebljiv&#8221;, odgovor je neimenovanog predstavnika za medije ameri\u010dkog State Departmenta, na upit Glasa Amerike povodom tvrdnji ministra&nbsp;<strong>Vladimira Leposavi\u0107a<\/strong>&nbsp;iznijetih u parlamentu Crne Gore koje su u dijelu me\u0111unarodne i crnogorske javnosti shva\u0107ene kao negiranje i relativizacija genocida po\u010dinjenog u Srebrenici jula 1995. godine.<\/p>\n\n\n\n<p>&#8220;Me\u0111unarodni sudovi zaklju\u010dili su da se 1995. godine u Srebrenici dogodio genocid. Ovo bolno poglavlje evropske historije nikada ne smije biti negirano niti zaboravljeno&#8221;, navedeno je u odgovoru koji je objavio&nbsp;<strong>Glas Amerike<\/strong>.<\/p>\n\n\n\n<p>Reakciji State Departmenta prethodio je stav Evropske unije koja je istakla da odbacuje i osu\u0111uje svako poricanje, relativizaciju ili pogre\u0161no tuma\u010denje genocida u Srebrenici, poru\u010dila je<strong>&nbsp;Ana Pisonero Hernandez<\/strong>&nbsp;portparolka Evropske komisije.<\/p>\n\n\n\n<p>&#8220;EU je unija vrijednosti. Poricanje dobro dokumentovanih i utvr\u0111enih \u010dinjenica o ratnim doga\u0111ajima, uklju\u010duju\u0107i ratne zlo\u010dine, ili revizionizam, protivrije\u010di najfundamentalnijim od tih vrijednosti&#8221;, objavila je Pisonero Hernandez na dru\u0161tvenoj mre\u017ei Twitter \u2013 povodom tvrdnji crnogorskog ministra&nbsp;<strong>Vladimira Leposavi\u0107a<\/strong>&nbsp;koje su u dijelu crnogorske javnosti shva\u0107ene kao negiranje i relativizacija genocida po\u010dinjenog u Srebrenici.<\/p>\n\n\n\n<p>Ona je podsjetila da je 2020. obilje\u017eena 25 godi\u0161njica genocida u Srebrenici, kako je ocijenila, jednog od najmra\u010dnijih poglavlja moderne evropske istorije. Poru\u010dila je da je krajnje vrijeme da svi politi\u010dki lideri u regionu prednja\u010de u odavanju po\u010dasti \u017ertava i promociji pomirenja.<\/p>\n\n\n\n<p>&#8220;O\u010dekuje se da \u0107e svaka zemlja koja te\u017ei pridru\u017eivanju EU po\u0161tovati i promovisati vrijednosti demokratije, ljudskih prava, tolerancije i pravde u EU. To uklju\u010duje postupanje sa \u017ertvama genocida s krajnjim po\u0161tovanjem i dostojanstvom&#8221;, istakla je Pisonero.<\/p>\n","protected":false},"excerpt":{"rendered":"<p>Stav Sjedinjenih Dr\u017eava o genocidu u Srebrenici je dugotrajan i nepokolebljiv&#8221;, odgovor je neimenovanog predstavnika za medije ameri\u010dkog State Departmenta, na upit Glasa Amerike povodom tvrdnji ministra&nbsp;Vladimira Leposavi\u0107a&nbsp;iznijetih u parlamentu Crne Gore koje su u dijelu me\u0111unarodne i crnogorske javnosti shva\u0107ene kao negiranje i relativizacija genocida po\u010dinjenog u Srebrenici jula 1995. godine. &#8220;Me\u0111unarodni sudovi zaklju\u010dili [&hellip;]<\/p>\n","protected":false},"author":59,"featured_media":25931,"comment_status":"closed","ping_status":"closed","sticky":false,"template":"","format":"standard","meta":{"inline_featured_image":false,"footnotes":""},"categories":[41],"tags":[],"class_list":{"0":"post-25930","1":"post","2":"type-post","3":"status-publish","4":"format-standard","5":"has-post-thumbnail","7":"category-svijet"},"acf":[],"_links":{"self":[{"href":"https:\/\/tvsensor.com\/api\/wp\/v2\/posts\/25930","targetHints":{"allow":["GET"]}}],"collection":[{"href":"https:\/\/tvsensor.com\/api\/wp\/v2\/posts"}],"about":[{"href":"https:\/\/tvsensor.com\/api\/wp\/v2\/types\/post"}],"author":[{"embeddable":true,"href":"https:\/\/tvsensor.com\/api\/wp\/v2\/users\/59"}],"replies":[{"embeddable":true,"href":"https:\/\/tvsensor.com\/api\/wp\/v2\/comments?post=25930"}],"version-history":[{"count":1,"href":"https:\/\/tvsensor.com\/api\/wp\/v2\/posts\/25930\/revisions"}],"predecessor-version":[{"id":25932,"href":"https:\/\/tvsensor.com\/api\/wp\/v2\/posts\/25930\/revisions\/25932"}],"wp:featuredmedia":[{"embeddable":true,"href":"https:\/\/tvsensor.com\/api\/wp\/v2\/media\/25931"}],"wp:attachment":[{"href":"https:\/\/tvsensor.com\/api\/wp\/v2\/media?parent=25930"}],"wp:term":[{"taxonomy":"category","embeddable":true,"href":"https:\/\/tvsensor.com\/api\/wp\/v2\/categories?post=25930"},{"taxonomy":"post_tag","embeddable":true,"href":"https:\/\/tvsensor.com\/api\/wp\/v2\/tags?post=25930"}],"curies":[{"name":"wp","href":"https:\/\/api.w.org\/{rel}","templated":true}]}}