{"id":25927,"date":"2021-03-30T18:36:29","date_gmt":"2021-03-30T17:36:29","guid":{"rendered":"https:\/\/senzor.ba\/?p=25927"},"modified":"2024-01-15T21:39:05","modified_gmt":"2024-01-15T20:39:05","slug":"reisu-l-ulema-kavazovic-primio-sattlera-eu-bi-u-fokus-trebala-staviti-srebrenicu","status":"publish","type":"post","link":"https:\/\/tvsensor.com\/clanak\/reisu-l-ulema-kavazovic-primio-sattlera-eu-bi-u-fokus-trebala-staviti-srebrenicu\/","title":{"rendered":"Reisu-l-ulema Kavazovi\u0107 primio Sattlera: EU bi u fokus trebala staviti Srebrenicu"},"content":{"rendered":"\n<p>Reisu-l-ulema Islamske zajednice u Bosni i Hercegovini Husein-ef. Kavazovi\u0107 danas je u svom kabinetu primio \u0161efa Delegacije Evropske unije (EU) ambasadora Johanna Sattlera, prenosi Anadolu Agency (AA).<\/p>\n\n\n\n<p>Ambasador Sattler je na po\u010detku sastanka reisu-l-ulemi zahvalio na ju\u010dera\u0161njem apelu koji je uputio bosanskohercegova\u010dkim du\u017enosnicima, intelektualcima i ulemi, pozivaju\u0107i ih, naro\u010dito politi\u010dare, da lijepo komuniciraju s javno\u0161\u0107u i da u me\u0111usobnim odnosima ne koriste jezik mr\u017enje, ljage i podmetanja, ve\u0107 da se posvete spa\u0161avanju ljudskih \u017eivota i rje\u0161avanju problema ljudi.<\/p>\n\n\n\n<p>Istakao je da je on li\u010dno posve\u0107en dobrobiti Bosne i Hercegovine, bez obzira \u0161to ga neki krugovi optu\u017euju za pristranost i priklanjanje jednoj od strana. Predlo\u017eio je da se u ovoj godini, koja nije izborna, okupe vjerski lideri i ljudima upute pozitivne rije\u010di, rije\u010di nade i utjehe, i da to, po mogu\u0107nosti u\u010dine zajedno s politi\u010dkim liderima.<\/p>\n\n\n\n<p>Reisu-l-ulema je od ambasadora Sattlera zatra\u017eio da se zalo\u017ei kod evropskih du\u017enosnika u Briselu da \u0161to hitnije iz Covax-sistema Bosni i Hercegovini isporu\u010de vakcine, napominju\u0107i da je situacija s pandemijom u na\u0161oj zemlji istinski alarmantna.<\/p>\n\n\n\n<p>Sattler je reisu-l-ulemu upoznao i o tome da Evropska unija ovdje \u017eeli realizirati projekat koji bi podrazumijevao jednak broj imama, sve\u0107enika i sve\u0161tenika, kojima bi se predstavile evropske vrijednosti koje bi na\u0161a zemlja trebala usvojiti na putu prema evropskim integracijama, te objasnili principi na kojima Unija po\u010diva.<\/p>\n\n\n\n<p>Sattler je reisu-l-ulemu tako\u0111er pitao kako bi bilo najbolje pomo\u0107i povratnicima u Srebrenicu, ali i svim drugim povratnicima, kako bi se oni osje\u0107ali sigurno i kako bi ostali na svojim ognji\u0161tima.<\/p>\n\n\n\n<p>Reisu-l-ulema je kazao da bi EU u fokus trebala staviti Srebrenicu i osigurati jednake uvjete boravka svima koji \u017eive u tom gradu.<\/p>\n","protected":false},"excerpt":{"rendered":"<p>Reisu-l-ulema Islamske zajednice u Bosni i Hercegovini Husein-ef. Kavazovi\u0107 danas je u svom kabinetu primio \u0161efa Delegacije Evropske unije (EU) ambasadora Johanna Sattlera, prenosi Anadolu Agency (AA). Ambasador Sattler je na po\u010detku sastanka reisu-l-ulemi zahvalio na ju\u010dera\u0161njem apelu koji je uputio bosanskohercegova\u010dkim du\u017enosnicima, intelektualcima i ulemi, pozivaju\u0107i ih, naro\u010dito politi\u010dare, da lijepo komuniciraju s javno\u0161\u0107u [&hellip;]<\/p>\n","protected":false},"author":59,"featured_media":25928,"comment_status":"closed","ping_status":"closed","sticky":false,"template":"","format":"standard","meta":{"inline_featured_image":false,"footnotes":""},"categories":[38],"tags":[],"class_list":{"0":"post-25927","1":"post","2":"type-post","3":"status-publish","4":"format-standard","5":"has-post-thumbnail","7":"category-vijesti-iz-bih"},"acf":[],"_links":{"self":[{"href":"https:\/\/tvsensor.com\/api\/wp\/v2\/posts\/25927","targetHints":{"allow":["GET"]}}],"collection":[{"href":"https:\/\/tvsensor.com\/api\/wp\/v2\/posts"}],"about":[{"href":"https:\/\/tvsensor.com\/api\/wp\/v2\/types\/post"}],"author":[{"embeddable":true,"href":"https:\/\/tvsensor.com\/api\/wp\/v2\/users\/59"}],"replies":[{"embeddable":true,"href":"https:\/\/tvsensor.com\/api\/wp\/v2\/comments?post=25927"}],"version-history":[{"count":1,"href":"https:\/\/tvsensor.com\/api\/wp\/v2\/posts\/25927\/revisions"}],"predecessor-version":[{"id":25929,"href":"https:\/\/tvsensor.com\/api\/wp\/v2\/posts\/25927\/revisions\/25929"}],"wp:featuredmedia":[{"embeddable":true,"href":"https:\/\/tvsensor.com\/api\/wp\/v2\/media\/25928"}],"wp:attachment":[{"href":"https:\/\/tvsensor.com\/api\/wp\/v2\/media?parent=25927"}],"wp:term":[{"taxonomy":"category","embeddable":true,"href":"https:\/\/tvsensor.com\/api\/wp\/v2\/categories?post=25927"},{"taxonomy":"post_tag","embeddable":true,"href":"https:\/\/tvsensor.com\/api\/wp\/v2\/tags?post=25927"}],"curies":[{"name":"wp","href":"https:\/\/api.w.org\/{rel}","templated":true}]}}