{"id":25924,"date":"2021-03-30T18:32:54","date_gmt":"2021-03-30T17:32:54","guid":{"rendered":"https:\/\/senzor.ba\/?p=25924"},"modified":"2024-01-15T21:39:05","modified_gmt":"2024-01-15T20:39:05","slug":"biden-nominovao-prvog-muslimanskog-americkog-saveznog-sudiju","status":"publish","type":"post","link":"https:\/\/tvsensor.com\/clanak\/biden-nominovao-prvog-muslimanskog-americkog-saveznog-sudiju\/","title":{"rendered":"Biden nominovao prvog muslimanskog ameri\u010dkog saveznog sudiju"},"content":{"rendered":"\n<p><strong>Predsjednik Sjedinjenih Ameri\u010dkih Dr\u017eava Joe Biden nominovao je prvog muslimanskog saveznog sudiju u historiji zemlje za Okru\u017eni sud SAD.<\/strong><\/p>\n\n\n\n<p>Ukoliko njegov izbor potvrdi Senat,&nbsp;<strong>Zahid Quraishi&nbsp;<\/strong>\u0107e postati prvi musliman na toj poziciji u New Jerseyu.<\/p>\n\n\n\n<p>Bidenovih&nbsp;<strong>11 pravosudnih kandidata<\/strong>&nbsp;veoma je raznoliko, tu su i tri afroamerikanke me\u0111u kojima i prva \u017eena iz azijske Amerike i Tihog okeana nominovana za Okru\u017eni sud u Washingtonu, kao i prva \u017eena koja bi bila savezni sudija u okrugu Maryland.<\/p>\n\n\n\n<p>\u201cOvi nominovani kandidati izvu\u010deni su iz najboljih i najbistrijih umova ameri\u010dke pravne profesije\u201d, rekao je Biden.<\/p>\n\n\n\n<p><a rel=\"noreferrer noopener\" href=\"https:\/\/tuzlanski-tuzlanskiba.netdna-ssl.com\/wp-content\/uploads\/2021\/02\/biden-ured-sad.jpg\" target=\"_blank\"><\/a>Prema njegovim rije\u010dima, svaki je duboko kvalifikovan i spreman da dijeli pravdu vjerno Ustavu i nepristrasno prema ameri\u010dkom narodu, a zajedno\u00a0<strong>predstavljaju \u0161iroku raznolikost pozadine<\/strong>, iskustva i perspektive koja \u010dini naciju sna\u017enom.<\/p>\n\n\n\n<p>Quraishi, pakistanskog porijekla, tako\u0111er je bio prvi musliman koji je slu\u017eio kao ameri\u010dki sudija za prekr\u0161aje u Nwe Jerseyu 2019. godine.<\/p>\n\n\n\n<p>Ro\u0111en u New Yorku, a odrastao u New Jerseyu, Quraishi je diplomirao na\u00a0<strong>John Jay koled\u017eu<\/strong>\u00a0za krivi\u010dno pravo 1997. godine i doktorirao na Pravnom fakultetu Rutgers 2000. godine.\u00a0<\/p>\n","protected":false},"excerpt":{"rendered":"<p>Predsjednik Sjedinjenih Ameri\u010dkih Dr\u017eava Joe Biden nominovao je prvog muslimanskog saveznog sudiju u historiji zemlje za Okru\u017eni sud SAD. Ukoliko njegov izbor potvrdi Senat,&nbsp;Zahid Quraishi&nbsp;\u0107e postati prvi musliman na toj poziciji u New Jerseyu. Bidenovih&nbsp;11 pravosudnih kandidata&nbsp;veoma je raznoliko, tu su i tri afroamerikanke me\u0111u kojima i prva \u017eena iz azijske Amerike i Tihog okeana [&hellip;]<\/p>\n","protected":false},"author":59,"featured_media":25925,"comment_status":"closed","ping_status":"closed","sticky":false,"template":"","format":"standard","meta":{"inline_featured_image":false,"footnotes":""},"categories":[41],"tags":[],"class_list":{"0":"post-25924","1":"post","2":"type-post","3":"status-publish","4":"format-standard","5":"has-post-thumbnail","7":"category-svijet"},"acf":[],"_links":{"self":[{"href":"https:\/\/tvsensor.com\/api\/wp\/v2\/posts\/25924","targetHints":{"allow":["GET"]}}],"collection":[{"href":"https:\/\/tvsensor.com\/api\/wp\/v2\/posts"}],"about":[{"href":"https:\/\/tvsensor.com\/api\/wp\/v2\/types\/post"}],"author":[{"embeddable":true,"href":"https:\/\/tvsensor.com\/api\/wp\/v2\/users\/59"}],"replies":[{"embeddable":true,"href":"https:\/\/tvsensor.com\/api\/wp\/v2\/comments?post=25924"}],"version-history":[{"count":1,"href":"https:\/\/tvsensor.com\/api\/wp\/v2\/posts\/25924\/revisions"}],"predecessor-version":[{"id":25926,"href":"https:\/\/tvsensor.com\/api\/wp\/v2\/posts\/25924\/revisions\/25926"}],"wp:featuredmedia":[{"embeddable":true,"href":"https:\/\/tvsensor.com\/api\/wp\/v2\/media\/25925"}],"wp:attachment":[{"href":"https:\/\/tvsensor.com\/api\/wp\/v2\/media?parent=25924"}],"wp:term":[{"taxonomy":"category","embeddable":true,"href":"https:\/\/tvsensor.com\/api\/wp\/v2\/categories?post=25924"},{"taxonomy":"post_tag","embeddable":true,"href":"https:\/\/tvsensor.com\/api\/wp\/v2\/tags?post=25924"}],"curies":[{"name":"wp","href":"https:\/\/api.w.org\/{rel}","templated":true}]}}