{"id":25917,"date":"2021-03-30T15:35:39","date_gmt":"2021-03-30T14:35:39","guid":{"rendered":"https:\/\/senzor.ba\/?p=25917"},"modified":"2024-01-15T21:39:05","modified_gmt":"2024-01-15T20:39:05","slug":"luigi-di-maio-u-predsjednistvu-bih-italija-zagovara-prosirenje-eu-na-zapadni-balkan","status":"publish","type":"post","link":"https:\/\/tvsensor.com\/clanak\/luigi-di-maio-u-predsjednistvu-bih-italija-zagovara-prosirenje-eu-na-zapadni-balkan\/","title":{"rendered":"Luigi Di Maio u Predsjedni\u0161tvu BiH: Italija zagovara pro\u0161irenje EU na Zapadni Balkan"},"content":{"rendered":"\n<p>\u010clanovi Predsjedni\u0161tva Bosne i Hercegovine sastali su se u utorak s ministrom vanjskih poslova i me\u0111unarodne saradnje Republike Italije Luigijem Di Maiom koji boravi u posjeti Sarajevu, javlja Anadolu Agency (AA).<\/p>\n\n\n\n<p>U saop\u0107enju iz Predsjedni\u0161tva BiH navodi se da su \u010dlanovi kolektivnog \u0161efa dr\u017eave izrazili dobrodo\u0161licu ministru vanjskih poslova i me\u0111unarodne saradnje Republike Italije i zahvalili za dolazak u BiH i bilateralnu posjetu, i pored uslova ote\u017eanih pandemijom koronavirusa.<\/p>\n\n\n\n<p>Tako\u0111er su izrazili zahvalnost za kontinuiranu zainteresovanost Italije za razvijanje dobrih i prijateljskih odnosa sa BiH, \u010demu doprinosi i predan anga\u017eman ambasadora Nicole Minasija i Ambasade Italije u BiH, koji je bio u delegaciji.<\/p>\n\n\n\n<p>U\u010desnici sastanka su razmijenili informacije o politi\u010dkim procesima prouzrokovanim pandemijom i o na\u010dinima borbe protiv \u0161irenja COVID-19, te o problemima u procesu nabavke vakcina. Razgovarano je o potrebi podr\u0161ke Evrospke unije Bosni i Hercegovini i Zapadnom Balkanu u borbi protiv pandemije, ne samo u odgovoru na humanitarnu i zdravstvenu krizu, ve\u0107 i u ubla\u017eavanju socioekonomskih posljedica.<\/p>\n\n\n\n<p>Di Maio je rekao da Italija zagovara pro\u0161irenje EU na podru\u010dje Zapadnog Balkana i nastavak procesa reformi i evropskih integracija BiH. Istaknut je zna\u010daj kontinuirane podr\u0161ke Republike Italije unutar EU u narednim koracima pristupanja BiH EU, te u nastavku ispunjavanja 14 klju\u010dnih prioriteta iz Mi\u0161ljenja Evropske komisije.<\/p>\n\n\n\n<p>Prilikom susreta je razgovarano o bilateralnim odnosima i ugovornom regulisanju odnosa, a za koje je re\u010deno da su dobri i prijateljski i da treba nastaviti kontinuitet saradnje u njihovom unapre\u0111enju. Re\u010deno je da BiH, kao pomorska zemlja, \u017eeli pru\u017eiti konstruktivan doprinos svim procesima koji se ti\u010du za\u0161tite Jadrana kao zajedni\u010dkog dobra.<\/p>\n\n\n\n<p>U razgovoru je kazano da ima prostora za intenziviranje saradnje u ekonomiji, kulturi, obrazovanju i drugim oblastima od interesa za obje zemlje. Istaknuto je da je Italija jedan od najzna\u010dajnijih partnera BiH u okviru ekonomske saradnje i vanjske trgovine. Poseban akcenat je dat u\u010de\u0161\u0107u mladih ljudi BiH i Zapadnog Balkana u procesima unutar EU, a koji se ti\u010du budu\u0107nosti EU i Zapadnog Balkana kao integrisanog dijela EU.<\/p>\n\n\n\n<p>Tako\u0111er je razgovarano o migrantskoj krizi i o oblasti sigurnosti, kao i o osiguranju uslova za koordinaciju migracijskih procesa, zaklju\u010dili su iz Predsjedni\u0161tva BiH.<\/p>\n","protected":false},"excerpt":{"rendered":"<p>\u010clanovi Predsjedni\u0161tva Bosne i Hercegovine sastali su se u utorak s ministrom vanjskih poslova i me\u0111unarodne saradnje Republike Italije Luigijem Di Maiom koji boravi u posjeti Sarajevu, javlja Anadolu Agency (AA). U saop\u0107enju iz Predsjedni\u0161tva BiH navodi se da su \u010dlanovi kolektivnog \u0161efa dr\u017eave izrazili dobrodo\u0161licu ministru vanjskih poslova i me\u0111unarodne saradnje Republike Italije i [&hellip;]<\/p>\n","protected":false},"author":59,"featured_media":25918,"comment_status":"closed","ping_status":"closed","sticky":false,"template":"","format":"standard","meta":{"inline_featured_image":false,"footnotes":""},"categories":[40,38],"tags":[],"class_list":{"0":"post-25917","1":"post","2":"type-post","3":"status-publish","4":"format-standard","5":"has-post-thumbnail","7":"category-region","8":"category-vijesti-iz-bih"},"acf":[],"_links":{"self":[{"href":"https:\/\/tvsensor.com\/api\/wp\/v2\/posts\/25917","targetHints":{"allow":["GET"]}}],"collection":[{"href":"https:\/\/tvsensor.com\/api\/wp\/v2\/posts"}],"about":[{"href":"https:\/\/tvsensor.com\/api\/wp\/v2\/types\/post"}],"author":[{"embeddable":true,"href":"https:\/\/tvsensor.com\/api\/wp\/v2\/users\/59"}],"replies":[{"embeddable":true,"href":"https:\/\/tvsensor.com\/api\/wp\/v2\/comments?post=25917"}],"version-history":[{"count":1,"href":"https:\/\/tvsensor.com\/api\/wp\/v2\/posts\/25917\/revisions"}],"predecessor-version":[{"id":25919,"href":"https:\/\/tvsensor.com\/api\/wp\/v2\/posts\/25917\/revisions\/25919"}],"wp:featuredmedia":[{"embeddable":true,"href":"https:\/\/tvsensor.com\/api\/wp\/v2\/media\/25918"}],"wp:attachment":[{"href":"https:\/\/tvsensor.com\/api\/wp\/v2\/media?parent=25917"}],"wp:term":[{"taxonomy":"category","embeddable":true,"href":"https:\/\/tvsensor.com\/api\/wp\/v2\/categories?post=25917"},{"taxonomy":"post_tag","embeddable":true,"href":"https:\/\/tvsensor.com\/api\/wp\/v2\/tags?post=25917"}],"curies":[{"name":"wp","href":"https:\/\/api.w.org\/{rel}","templated":true}]}}