{"id":258,"date":"2019-01-30T21:53:18","date_gmt":"2019-01-30T21:53:18","guid":{"rendered":"https:\/\/wh449638.ispot.cc\/?p=258"},"modified":"2024-01-15T21:50:23","modified_gmt":"2024-01-15T20:50:23","slug":"mala-bosna-u-sad-kako-je-ron-iz-st-louisa-postao-amir-amerikanac","status":"publish","type":"post","link":"https:\/\/tvsensor.com\/clanak\/mala-bosna-u-sad-kako-je-ron-iz-st-louisa-postao-amir-amerikanac\/","title":{"rendered":"Mala Bosna u SAD: Kako je Ron iz St. Louisa postao Amir Amerikanac"},"content":{"rendered":"\n<p>D\u017eamije, replika sebilja, trgovine, restorani, pekare, mesare, osiguravaju\u0107e firme, \u0161pediterske usluge i trgovine s bosanskohercegova\u010dkim proizvodima, a bosanski jezik \u010duje se na ulici. Sve je to sasvim normalno u gradu koji se nerijetko naziva \u201cmala Bosna\u201d. Na osnovu svega navedenog, reklo bi se da je to sasvim obi\u010dan bosanskohercegova\u010dki grad.<\/p>\n\n\n\n<p>Me\u0111utim, \u201cmala Bosna\u201d smje\u0161tena je u St. Louisu (SAD), nekoliko hiljada kilometara daleko od Bosne i Hercegovine. Manje-vi\u0161e je poznato da je veliki broj bosanskohercegova\u010dkih gra\u0111ana, prije svega Bo\u0161njaka, zbog agresije i rata, etni\u010dkog \u010di\u0161\u0107enja i genocida, svoje uto\u010di\u0161te prona\u0161ao u St. Louisu, gradu koji su 1763. godine osnovali&nbsp; francuski kolonijalni trgovci Pierre Lacl\u00e8de i Auguste Chouteau i nazvali ga prema francuskom kralju Luju IX. Grad je devedesetih godina pro\u0161log stolje\u0107a upao u veliku krizu, tako da su mnogi dijelovi grada ostali gotovo pusti, a Bo\u0161njaci koji su do\u0161li kao izbjeglice u ovaj grad popunili su te praznine. Naselili su se u stanovima, radna mjesta prona\u0161li u trgovinama, restoranima ili gradili\u0161tima. Kasnije su po\u010deli otvarati i pokretati vlastite biznise, tako da danas u St. Louisu egzistira veliki broj firmi koje su izgradili Bo\u0161njaci.<\/p>\n\n\n\n<p>Poznato je da su se Bo\u0161njaci dobro integrirali i izgradili jaku zajednicu. Danas, prema pretpostavkama, u St. Louisu \u017eivi vi\u0161e od 70 hiljada Bo\u0161njaka. Godine 2013. izgradili se u gradu repliku sebilja kao poklon gradu prilikom obilje\u017eavanja 250 godina od osnivanja St. Louisa. Kada posjetite St. Louis, ne morate nikoga pitati kako \u017eive Bo\u0161njaci u ovom gradu, dovoljno je vidjeti \u0161ta su sve izgradili i kako su se sna\u0161li. Ipak, izgradnja jake zajednice Bo\u0161njaka u St. Louisu trajala je godinama i jo\u0161 uvijek traje. Amerikanci \u0107e se slo\u017eiti da su Bo\u0161njaci vjerovatno jedna od najboljih stvari koja se desila ovom gradu.<\/p>\n\n\n\n<p>Tog je mi\u0161ljenja i profesor Ron Klutho, koji je godinama radio s Bo\u0161njacima koji su dolazili u ovaj grad, pomagao im u njihovim prvim koracima i pronala\u017eenju prvih poslova s obzirom na to da je radio za humanitarne i crkvene organizacije koje su prve pru\u017eile pomo\u0107 Bo\u0161njacima koji su dolazili u ovaj grad.<\/p>\n\n\n\n<p>Ron ili Amir Amerikanac, kako su mu Bo\u0161njaci dali ime i po kojem ga prepoznaju, ka\u017ee da su \u201cBo\u0161njaci definitivno donijeli veliku korist St. Louisu\u201d.<\/p>\n\n\n\n<p>\u201cPrve izbjeglice iz Bosne i Hercegovine u St. Louis do\u0161le su, mislim, 1993. godine. Tada sam upoznao jedan mladi bra\u010dni par iz Zvornika. Oni nisu znali engleski, ja nisam znao bosanski i sporazumijevali smo se kako smo znali i umjeli, na sve mogu\u0107e na\u010dine. Nakon toga sam upoznao njihove kom\u0161ije i tako se krug \u0161irio. I danas imam telefonski imenik koji je ispunjen samo imenima Bosanaca. Oni su mi dali ime Amir. Mislim da je svakom strancu koji do\u0111e u Ameriku bitno da ima nekoga ko \u0107e mu pomo\u0107i oko osnovnih stvari. Mnogima sam ovdje ja bio ta veza, i drago mi je zbog toga\u201d, ka\u017ee ovaj profesor koji govori sedam jezika. Izme\u0111u ostalog, i bosanski.<\/p>\n\n\n\n<p>Za ljude iz Bosne i Hercegovine ka\u017ee: \u201cBosanci su donijeli dobro St. Louisu. Kada su do\u0161li ovdje, nisu oni \u010dekali da im neko ne\u0161to pokloni, da im osigura ne\u0161to, nego su se odmah prihvatili posla. Kupili su ku\u0107e koje su bile u lo\u0161em stanju, a danas izgledaju odli\u010dno. Naselili su jedan dio grada koji je bio tada jako lo\u0161 i ponovo su ga izgradili svojim sposobnostima. Ekonomski su doprinijeli gradu jer su otvorili biznise. Prije vi\u0161e od stotinu godina dio grada gdje su kasnije do\u0161li ljudi iz Bosne i Hercegovine bio je naseljen Nijemcima. To je bio jako fin i \u010dist dio grada. Zbog ekonomskog propadanja i kasnije lo\u0161ih uvjeta \u017eivota, pogotovo nakon Drugog svjetskog rata, taj dio grada postao je jako lo\u0161. Trebalo je dosta vremena da pro\u0111e i da do\u0111u ljudi iz Bosne i opet taj dio grada u\u010dine i naprave lijepim. Spasili su taj dio grada. Sada u tom dijelu grada nije koncentracija Bosanaca kao prije nekoliko godina, jer su u mogu\u0107nosti da kupuju bolje ku\u0107e, da \u0161alju djecu u bolje \u0161kole, otvaraju i \u0161ire svoje firme, \u0161to je dobro. Mada mislim da niko kao ljudi iz Bosne ne\u0107e paziti i \u010duvati taj dio grada. Sve je to veliki benefit za St. Louis.\u201d<\/p>\n\n\n\n<p>U prvim godinama, po dolasku, izbjeglice iz Bosne i Hercegovine bile su se naselile \u0161irom SAD-a. Me\u0111utim, ubrzo je veliki broj njih po\u010deo dolaziti u St. Louis te su jedni drugima pomagali. Amir ka\u017ee da je razlog taj \u0161to u \u201cSt. Louisu ima bujruma, a \u017eivot je jeftiniji nego u nekim drugim ve\u0107im gradovima\u201d.<\/p>\n\n\n\n<p>\u201cVelika zajednica omogu\u0107ila je situaciju da mnogi koji su do\u0161li ovdje uop\u0107e nisu morali nau\u010diti engleski jezik jer im nije potreban. Iako smatram da bi bilo dobro da su nau\u010dili, ali, jednostavno, ovdje se bosanski \u010duje na svakom koraku. Ja govorim bosanski, iako to nije idealno, ali pri\u010damo. Ovdje je drugi jezik bosanski. Trudio sam se da nau\u010dim bosanski, iako je bilo mnogo komi\u010dnih situacija. Zamislite samo situaciju gdje jedan Amerikanac tra\u017ei \u010daj od \u0161ipka. Uglavnom, za ljude ovdje koji su do\u0161li iz Bosne i Hercegovine, moje Bosance, mogu re\u0107i da su vrijedni, duhoviti i nevjerovatno gostoljubivi, kod njih uvijek ima bujruma, do\u010dekuju te u svojoj ku\u0107i kao ro\u0111enog brata, ispra\u0107aju s osmijehom, rije\u010dima alahimanet i do\u0111i nam opet\u201d, \u00a0ka\u017ee na kraju Ron ili Amir, koji vi\u0161e od 20 godina radi s izbjeglicama, najvi\u0161e Bo\u0161njacima. Danas je koordinator u servisu koji poma\u017ee izbjeglicama iz Sirije i drugih bliskoisto\u010dnih zemalja.<\/p>\n\n\n\n<ul class=\"wp-block-gallery columns-3 is-cropped wp-block-gallery-1 is-layout-flex wp-block-gallery-is-layout-flex\"><li><figure><img loading=\"lazy\" decoding=\"async\" width=\"749\" height=\"530\" src=\"https:\/\/wh449638.ispot.cc\/wp-content\/uploads\/2019\/01\/Bh-dzamija-u-St-Louis-Copy-749x530.jpg\" alt=\"\" class=\"wp-image-261\" srcset=\"https:\/\/tvsensor.com\/wp-content\/uploads\/2019\/01\/Bh-dzamija-u-St-Louis-Copy-749x530.jpg 749w, https:\/\/tvsensor.com\/wp-content\/uploads\/2019\/01\/Bh-dzamija-u-St-Louis-Copy-749x530-300x212.jpg 300w, https:\/\/tvsensor.com\/wp-content\/uploads\/2019\/01\/Bh-dzamija-u-St-Louis-Copy-749x530-500x354.jpg 500w, https:\/\/tvsensor.com\/wp-content\/uploads\/2019\/01\/Bh-dzamija-u-St-Louis-Copy-749x530-565x400.jpg 565w, https:\/\/tvsensor.com\/wp-content\/uploads\/2019\/01\/Bh-dzamija-u-St-Louis-Copy-749x530-585x414.jpg 585w\" sizes=\"auto, (max-width: 749px) 100vw, 749px\" \/><\/figure><\/li><li><figure><img loading=\"lazy\" decoding=\"async\" width=\"800\" height=\"530\" src=\"https:\/\/wh449638.ispot.cc\/wp-content\/uploads\/2019\/01\/Mala-Bosna-Copy-800x530.jpg\" alt=\"\" class=\"wp-image-262\" srcset=\"https:\/\/tvsensor.com\/wp-content\/uploads\/2019\/01\/Mala-Bosna-Copy-800x530.jpg 800w, https:\/\/tvsensor.com\/wp-content\/uploads\/2019\/01\/Mala-Bosna-Copy-800x530-300x199.jpg 300w, https:\/\/tvsensor.com\/wp-content\/uploads\/2019\/01\/Mala-Bosna-Copy-800x530-768x509.jpg 768w, https:\/\/tvsensor.com\/wp-content\/uploads\/2019\/01\/Mala-Bosna-Copy-800x530-500x331.jpg 500w, https:\/\/tvsensor.com\/wp-content\/uploads\/2019\/01\/Mala-Bosna-Copy-800x530-280x186.jpg 280w, https:\/\/tvsensor.com\/wp-content\/uploads\/2019\/01\/Mala-Bosna-Copy-800x530-604x400.jpg 604w, https:\/\/tvsensor.com\/wp-content\/uploads\/2019\/01\/Mala-Bosna-Copy-800x530-585x388.jpg 585w\" sizes=\"auto, (max-width: 800px) 100vw, 800px\" \/><\/figure><\/li><li><figure><img loading=\"lazy\" decoding=\"async\" width=\"611\" height=\"530\" src=\"https:\/\/wh449638.ispot.cc\/wp-content\/uploads\/2019\/01\/Ron-Amir-Amerikanac-Copy-611x530.jpg\" alt=\"\" class=\"wp-image-263\" srcset=\"https:\/\/tvsensor.com\/wp-content\/uploads\/2019\/01\/Ron-Amir-Amerikanac-Copy-611x530.jpg 611w, https:\/\/tvsensor.com\/wp-content\/uploads\/2019\/01\/Ron-Amir-Amerikanac-Copy-611x530-300x260.jpg 300w, https:\/\/tvsensor.com\/wp-content\/uploads\/2019\/01\/Ron-Amir-Amerikanac-Copy-611x530-500x434.jpg 500w, https:\/\/tvsensor.com\/wp-content\/uploads\/2019\/01\/Ron-Amir-Amerikanac-Copy-611x530-461x400.jpg 461w, https:\/\/tvsensor.com\/wp-content\/uploads\/2019\/01\/Ron-Amir-Amerikanac-Copy-611x530-585x507.jpg 585w\" sizes=\"auto, (max-width: 611px) 100vw, 611px\" \/><\/figure><\/li><\/ul>\n\n\n\n<p>Stav<\/p>\n","protected":false},"excerpt":{"rendered":"<p>D\u017eamije, replika sebilja, trgovine, restorani, pekare, mesare, osiguravaju\u0107e firme, \u0161pediterske usluge i trgovine s bosanskohercegova\u010dkim proizvodima, a bosanski jezik \u010duje se na ulici. Sve je to sasvim normalno u gradu koji se nerijetko naziva \u201cmala Bosna\u201d. Na osnovu svega navedenog, reklo bi se da je to sasvim obi\u010dan bosanskohercegova\u010dki grad. Me\u0111utim, \u201cmala Bosna\u201d smje\u0161tena je [&hellip;]<\/p>\n","protected":false},"author":59,"featured_media":259,"comment_status":"open","ping_status":"closed","sticky":false,"template":"","format":"standard","meta":{"inline_featured_image":false,"footnotes":""},"categories":[39,37],"tags":[],"class_list":{"0":"post-258","1":"post","2":"type-post","3":"status-publish","4":"format-standard","5":"has-post-thumbnail","7":"category-dijaspora","8":"category-vijesti"},"acf":[],"_links":{"self":[{"href":"https:\/\/tvsensor.com\/api\/wp\/v2\/posts\/258","targetHints":{"allow":["GET"]}}],"collection":[{"href":"https:\/\/tvsensor.com\/api\/wp\/v2\/posts"}],"about":[{"href":"https:\/\/tvsensor.com\/api\/wp\/v2\/types\/post"}],"author":[{"embeddable":true,"href":"https:\/\/tvsensor.com\/api\/wp\/v2\/users\/59"}],"replies":[{"embeddable":true,"href":"https:\/\/tvsensor.com\/api\/wp\/v2\/comments?post=258"}],"version-history":[{"count":1,"href":"https:\/\/tvsensor.com\/api\/wp\/v2\/posts\/258\/revisions"}],"predecessor-version":[{"id":264,"href":"https:\/\/tvsensor.com\/api\/wp\/v2\/posts\/258\/revisions\/264"}],"wp:featuredmedia":[{"embeddable":true,"href":"https:\/\/tvsensor.com\/api\/wp\/v2\/media\/259"}],"wp:attachment":[{"href":"https:\/\/tvsensor.com\/api\/wp\/v2\/media?parent=258"}],"wp:term":[{"taxonomy":"category","embeddable":true,"href":"https:\/\/tvsensor.com\/api\/wp\/v2\/categories?post=258"},{"taxonomy":"post_tag","embeddable":true,"href":"https:\/\/tvsensor.com\/api\/wp\/v2\/tags?post=258"}],"curies":[{"name":"wp","href":"https:\/\/api.w.org\/{rel}","templated":true}]}}