{"id":25756,"date":"2021-03-26T05:32:34","date_gmt":"2021-03-26T04:32:34","guid":{"rendered":"https:\/\/senzor.ba\/?p=25756"},"modified":"2024-01-15T21:39:10","modified_gmt":"2024-01-15T20:39:10","slug":"veliko-priznanje-muslimanski-centar-u-ljubljani-izabran-za-zgradu-godine-2021","status":"publish","type":"post","link":"https:\/\/tvsensor.com\/clanak\/veliko-priznanje-muslimanski-centar-u-ljubljani-izabran-za-zgradu-godine-2021\/","title":{"rendered":"Veliko priznanje &#8211; Muslimanski centar u Ljubljani izabran za &#8220;Zgradu godine 2021&#8221;"},"content":{"rendered":"\n<p>Muslimanski kulturni centar u Ljubljani jedini je sakralni objekat koji je dobio presti\u017enu nagradu \u201cZgrada godine 2021\u201d (Building of the Year 2021), takmi\u010denja koje je realizirano u organizaciji najposje\u0107enije svjetske stranice za arhitekturu ArchDaily.<\/p>\n\n\n\n<p>&#8211; U ArchDailyu ne vjerujemo da su &#8220;stru\u010dni&#8221; \u017eiriji neophodni za odre\u0111ivanje kvalitetne arhitekture. Vjerujemo vama, \u010ditateljima, da \u0107ete odabrati zgrade koje &#8211; zbog svoje ljepote, inteligencije, kreativnosti ili usluge zajednici &#8211; predstavljaju najbolju arhitekturu godine. Jo\u0161 nas niste iznevjerili. Suzili ste listu sa hiljade na pet po kategoriji, a sada na 15 zapanjuju\u0107ih pobjednika. Dakle, od svih nas u ArchDaily-u, hvala vam &#8211; napisali su povodom predstavljanja pobjednika.<\/p>\n\n\n\n<p>Pro\u0161le godine Muslimanski centar u Ljubljani je dobio i &#8220;Ple\u010dnikovu nagradu&#8221; koja se dodjeljuje za najve\u0107e uspjehe u oblikovanju slovenskog okoli\u0161a.<\/p>\n\n\n\n<p>Muslimanski kulturni centar Ljubljana, koji predstavlja veliki uspjeh bo\u0161nja\u010dke i muslimanske populacije u Sloveniji, otvorio je svoja vrata u petak 7. februara 2020. godine, a prvi d\u017euma-namaz predvodio je muftija ljubljanski prof. dr. Ned\u017ead Grabus.<\/p>\n\n\n\n<p>(Preporod.info)<\/p>\n","protected":false},"excerpt":{"rendered":"<p>Muslimanski kulturni centar u Ljubljani jedini je sakralni objekat koji je dobio presti\u017enu nagradu \u201cZgrada godine 2021\u201d (Building of the Year 2021), takmi\u010denja koje je realizirano u organizaciji najposje\u0107enije svjetske stranice za arhitekturu ArchDaily. &#8211; U ArchDailyu ne vjerujemo da su &#8220;stru\u010dni&#8221; \u017eiriji neophodni za odre\u0111ivanje kvalitetne arhitekture. Vjerujemo vama, \u010ditateljima, da \u0107ete odabrati zgrade [&hellip;]<\/p>\n","protected":false},"author":7,"featured_media":25757,"comment_status":"closed","ping_status":"closed","sticky":false,"template":"","format":"standard","meta":{"inline_featured_image":false,"footnotes":""},"categories":[39,376,41,37],"tags":[],"class_list":{"0":"post-25756","1":"post","2":"type-post","3":"status-publish","4":"format-standard","5":"has-post-thumbnail","7":"category-dijaspora","8":"category-featured","9":"category-svijet","10":"category-vijesti"},"acf":[],"_links":{"self":[{"href":"https:\/\/tvsensor.com\/api\/wp\/v2\/posts\/25756","targetHints":{"allow":["GET"]}}],"collection":[{"href":"https:\/\/tvsensor.com\/api\/wp\/v2\/posts"}],"about":[{"href":"https:\/\/tvsensor.com\/api\/wp\/v2\/types\/post"}],"author":[{"embeddable":true,"href":"https:\/\/tvsensor.com\/api\/wp\/v2\/users\/7"}],"replies":[{"embeddable":true,"href":"https:\/\/tvsensor.com\/api\/wp\/v2\/comments?post=25756"}],"version-history":[{"count":1,"href":"https:\/\/tvsensor.com\/api\/wp\/v2\/posts\/25756\/revisions"}],"predecessor-version":[{"id":25758,"href":"https:\/\/tvsensor.com\/api\/wp\/v2\/posts\/25756\/revisions\/25758"}],"wp:featuredmedia":[{"embeddable":true,"href":"https:\/\/tvsensor.com\/api\/wp\/v2\/media\/25757"}],"wp:attachment":[{"href":"https:\/\/tvsensor.com\/api\/wp\/v2\/media?parent=25756"}],"wp:term":[{"taxonomy":"category","embeddable":true,"href":"https:\/\/tvsensor.com\/api\/wp\/v2\/categories?post=25756"},{"taxonomy":"post_tag","embeddable":true,"href":"https:\/\/tvsensor.com\/api\/wp\/v2\/tags?post=25756"}],"curies":[{"name":"wp","href":"https:\/\/api.w.org\/{rel}","templated":true}]}}