{"id":25745,"date":"2021-03-25T18:59:47","date_gmt":"2021-03-25T17:59:47","guid":{"rendered":"https:\/\/senzor.ba\/?p=25745"},"modified":"2024-01-15T21:39:11","modified_gmt":"2024-01-15T20:39:11","slug":"protestna-voznja-kroz-sarajevo-i-podrska-bogicevicu","status":"publish","type":"post","link":"https:\/\/tvsensor.com\/clanak\/protestna-voznja-kroz-sarajevo-i-podrska-bogicevicu\/","title":{"rendered":"Protestna vo\u017enja kroz Sarajevo i podr\u0161ka Bogi\u0107evi\u0107u"},"content":{"rendered":"\n<p>Predsjednik Udru\u017eenja mladih umjetnika BiH i direktor Omladinskog film festivala Sarajevo&nbsp;<strong>Kenan Musi\u0107, je u svojstvu fizi\u010dkog lica, kao gra\u0111anin Sarajeva, pokrenuo inicijativu za organizaciju protestne vo\u017enje automobilima kroz bh. prijestolnicu, a u znak podr\u0161ke Bogi\u0107u Bogi\u0107evi\u0107u<\/strong>.<\/p>\n\n\n\n<p>Tu vo\u017enju kroz grad najavio je MUP-u KS, a od Ministarstva saobra\u0107aja,&nbsp;<strong>za subotu, 27. marta zatra\u017eio je izmjenu re\u017eima saobra\u0107aja<\/strong>&nbsp;kako bi kolona vozila neometano pro\u0161la gradom i na taj na\u010din iskazali svoju podr\u0161ku Bogi\u0107u Bogi\u0107evi\u0107u i nezadovoljstvo politi\u010dkim ambijentom u glavnom bh. gradu.<\/p>\n\n\n\n<p>Musi\u0107 je istakao kako&nbsp;<strong>ovo nije politi\u010dki, ve\u0107 &#8220;gra\u0111anski skup<\/strong>&nbsp;i inicijativa kojom svi gra\u0111ani, koji su podr\u017eali ovaj prijedlog, \u017eele iskazati nezadovoljstvo zbog izigravanja kandidature Bogi\u0107a Bogi\u0107evi\u0107a za gradona\u010delnika Sarajeva&#8221;.<\/p>\n\n\n\n<p>U pozivu gra\u0111anima se navodi da&nbsp;<strong>u subotu u 12 sati da sa svojim vozilima okupe na parkingu Zetre i u koloni, bez izlaska iz vozila naprave vo\u017enju pravcem<\/strong>&nbsp;Zetra \u2013 Alipa\u0161ina \u2013 Titova (prema Ilid\u017ei) \u2013 Zmaja od Bosne \u2013 Bulevar Me\u0161e Selimovi\u0107a \u2013 Ante Babi\u0107a prema Dobrinji \u2013 krug oko Dobrinje 2 i nazad prema Vije\u0107nici preko Bulevara Me\u0161e Selimovi\u0107a \u2013 krug oko Vije\u0107nice i zavr\u0161etak vo\u017enje kod BBI Centra.<\/p>\n\n\n\n<p>Inicijator protestne vo\u017enje navodi u saop\u0107enju za javnost kako&nbsp;<strong>ne\u0107e biti dozvoljeno isticanje politi\u010dkih poruka i transparenata<\/strong>.<\/p>\n","protected":false},"excerpt":{"rendered":"<p>Predsjednik Udru\u017eenja mladih umjetnika BiH i direktor Omladinskog film festivala Sarajevo&nbsp;Kenan Musi\u0107, je u svojstvu fizi\u010dkog lica, kao gra\u0111anin Sarajeva, pokrenuo inicijativu za organizaciju protestne vo\u017enje automobilima kroz bh. prijestolnicu, a u znak podr\u0161ke Bogi\u0107u Bogi\u0107evi\u0107u. Tu vo\u017enju kroz grad najavio je MUP-u KS, a od Ministarstva saobra\u0107aja,&nbsp;za subotu, 27. marta zatra\u017eio je izmjenu re\u017eima [&hellip;]<\/p>\n","protected":false},"author":59,"featured_media":25746,"comment_status":"closed","ping_status":"closed","sticky":false,"template":"","format":"standard","meta":{"inline_featured_image":false,"footnotes":""},"categories":[38],"tags":[],"class_list":{"0":"post-25745","1":"post","2":"type-post","3":"status-publish","4":"format-standard","5":"has-post-thumbnail","7":"category-vijesti-iz-bih"},"acf":[],"_links":{"self":[{"href":"https:\/\/tvsensor.com\/api\/wp\/v2\/posts\/25745","targetHints":{"allow":["GET"]}}],"collection":[{"href":"https:\/\/tvsensor.com\/api\/wp\/v2\/posts"}],"about":[{"href":"https:\/\/tvsensor.com\/api\/wp\/v2\/types\/post"}],"author":[{"embeddable":true,"href":"https:\/\/tvsensor.com\/api\/wp\/v2\/users\/59"}],"replies":[{"embeddable":true,"href":"https:\/\/tvsensor.com\/api\/wp\/v2\/comments?post=25745"}],"version-history":[{"count":1,"href":"https:\/\/tvsensor.com\/api\/wp\/v2\/posts\/25745\/revisions"}],"predecessor-version":[{"id":25747,"href":"https:\/\/tvsensor.com\/api\/wp\/v2\/posts\/25745\/revisions\/25747"}],"wp:featuredmedia":[{"embeddable":true,"href":"https:\/\/tvsensor.com\/api\/wp\/v2\/media\/25746"}],"wp:attachment":[{"href":"https:\/\/tvsensor.com\/api\/wp\/v2\/media?parent=25745"}],"wp:term":[{"taxonomy":"category","embeddable":true,"href":"https:\/\/tvsensor.com\/api\/wp\/v2\/categories?post=25745"},{"taxonomy":"post_tag","embeddable":true,"href":"https:\/\/tvsensor.com\/api\/wp\/v2\/tags?post=25745"}],"curies":[{"name":"wp","href":"https:\/\/api.w.org\/{rel}","templated":true}]}}