{"id":25724,"date":"2021-03-25T13:55:24","date_gmt":"2021-03-25T12:55:24","guid":{"rendered":"https:\/\/senzor.ba\/?p=25724"},"modified":"2024-01-15T21:39:11","modified_gmt":"2024-01-15T20:39:11","slug":"danska-produzila-obustavu-upotrebe-astrazeneca-vakcine","status":"publish","type":"post","link":"https:\/\/tvsensor.com\/clanak\/danska-produzila-obustavu-upotrebe-astrazeneca-vakcine\/","title":{"rendered":"Danska produ\u017eila obustavu upotrebe AstraZeneca vakcine"},"content":{"rendered":"\n<p>Vlasti Danske danas su odlu\u010dile da produ\u017ee obustavu upotrebe vakcine protiv koronavirusa AstraZeneca na jo\u0161 tri nedelje, dok nastavljaju evaluaciju te vakcine, javlja Anadolu Agency (AA).<\/p>\n\n\n\n<p>Takva odluka doneta je &#8220;na osnovu pretpostavljenih nuspojava&#8221;, rekla je Tanja Erichsen iz Agencije za lekove na konferenciji za novinare.<\/p>\n\n\n\n<p>Danska je obustavila upotrebu te vakcine 11. marta, kao meru predostro\u017enosti, a nakon izve\u0161taja da je \u0161ezdesetogodi\u0161nja \u017eena preminula od krvnih ugru\u0161aka koji su se pojavili nedelju dana nakon \u0161to je primila vakcinu.<\/p>\n\n\n\n<p>Nedugo potom prijavljena je smrt i druge osobe u zemlji, ponovo nakon primanja vakcine AstraZeneca.<\/p>\n\n\n\n<p>Zdravstveni zvani\u010dnici u zemlji naveli su da ne postoje dokazi da je vakcina uzrok ijedne smrti.<\/p>\n\n\n\n<p>&#8220;\u017delim da naglasim da ne govorim o obi\u010dnim krvnim ugru\u0161cima, kao \u0161to su oni u rukama, nogama i plu\u0107ima. Ne mo\u017ee se potpuno isklju\u010diti mogu\u0107nost da postoji veza izme\u0111u vakcine i veoma retkih slu\u010dajeva krvnih ugru\u0161aka&#8221;, kazala je Erichsen.<\/p>\n\n\n\n<p>Obustava upotrebe vakcine traja\u0107e najmanje do 18. aprila.<\/p>\n\n\n\n<p>Norve\u0161ka i \u0160vedska tako\u0111e su obustavile upotrebu AstraZeneca vakcine. Jo\u0161 neke evropske zemlje suspendovale su vakcinu, ali su nakon objave Evropske agencije za lekove (EMA) da je vakcina bezbedna ponovo po\u010dele sa primenom te vakcine.<\/p>\n\n\n\n<p>Evropska agencija za lekove navela je da koristi vakcine i dalje prevazilaze rizike, te da \u0107e vakcina nastaviti da se upotrebljava, ali da \u0107e se kontrolisati da li \u0107e se stvaranje krvnih ugru\u0161aka nastaviti.<\/p>\n\n\n\n<p>Oko 150.000 ljudi u Danskoj dobilo je dozu te vakcine.<\/p>\n\n\n\n<p>&#8220;Trenutno, ne postoje osnovi za kona\u010dnu odluku o daljoj upotrebi vakcine AstraZeneca. Mnoga istra\u017eivanja su pokrenuta, ali jo\u0161 nema zaklju\u010daka, te je jedino logi\u010dno da produ\u017eimo obustavu upotrebe&#8221;, naveo je direktor Zdravstvene agencije Danske Soeren Brostroem.<\/p>\n","protected":false},"excerpt":{"rendered":"<p>Vlasti Danske danas su odlu\u010dile da produ\u017ee obustavu upotrebe vakcine protiv koronavirusa AstraZeneca na jo\u0161 tri nedelje, dok nastavljaju evaluaciju te vakcine, javlja Anadolu Agency (AA). Takva odluka doneta je &#8220;na osnovu pretpostavljenih nuspojava&#8221;, rekla je Tanja Erichsen iz Agencije za lekove na konferenciji za novinare. Danska je obustavila upotrebu te vakcine 11. marta, kao [&hellip;]<\/p>\n","protected":false},"author":59,"featured_media":25725,"comment_status":"closed","ping_status":"closed","sticky":false,"template":"","format":"standard","meta":{"inline_featured_image":false,"footnotes":""},"categories":[377],"tags":[],"class_list":{"0":"post-25724","1":"post","2":"type-post","3":"status-publish","4":"format-standard","5":"has-post-thumbnail","7":"category-zdravlje"},"acf":[],"_links":{"self":[{"href":"https:\/\/tvsensor.com\/api\/wp\/v2\/posts\/25724","targetHints":{"allow":["GET"]}}],"collection":[{"href":"https:\/\/tvsensor.com\/api\/wp\/v2\/posts"}],"about":[{"href":"https:\/\/tvsensor.com\/api\/wp\/v2\/types\/post"}],"author":[{"embeddable":true,"href":"https:\/\/tvsensor.com\/api\/wp\/v2\/users\/59"}],"replies":[{"embeddable":true,"href":"https:\/\/tvsensor.com\/api\/wp\/v2\/comments?post=25724"}],"version-history":[{"count":1,"href":"https:\/\/tvsensor.com\/api\/wp\/v2\/posts\/25724\/revisions"}],"predecessor-version":[{"id":25726,"href":"https:\/\/tvsensor.com\/api\/wp\/v2\/posts\/25724\/revisions\/25726"}],"wp:featuredmedia":[{"embeddable":true,"href":"https:\/\/tvsensor.com\/api\/wp\/v2\/media\/25725"}],"wp:attachment":[{"href":"https:\/\/tvsensor.com\/api\/wp\/v2\/media?parent=25724"}],"wp:term":[{"taxonomy":"category","embeddable":true,"href":"https:\/\/tvsensor.com\/api\/wp\/v2\/categories?post=25724"},{"taxonomy":"post_tag","embeddable":true,"href":"https:\/\/tvsensor.com\/api\/wp\/v2\/tags?post=25724"}],"curies":[{"name":"wp","href":"https:\/\/api.w.org\/{rel}","templated":true}]}}