{"id":25721,"date":"2021-03-25T13:52:45","date_gmt":"2021-03-25T12:52:45","guid":{"rendered":"https:\/\/senzor.ba\/?p=25721"},"modified":"2024-01-15T21:39:11","modified_gmt":"2024-01-15T20:39:11","slug":"merkel-turska-nije-samo-saveznik-u-nato-u-vec-ima-stratesku-vaznost-za-evropu","status":"publish","type":"post","link":"https:\/\/tvsensor.com\/clanak\/merkel-turska-nije-samo-saveznik-u-nato-u-vec-ima-stratesku-vaznost-za-evropu\/","title":{"rendered":"Merkel: Turska nije samo saveznik u NATO-u, ve\u0107 ima strate\u0161ku va\u017enost za Evropu"},"content":{"rendered":"\n<p>Njema\u010dka kancelarka Angela Merkel izjavila je da Republika Turska nije samo saveznik iz NATO-a i partner, ve\u0107 da ima strate\u0161ku va\u017enost kao druga najmnogoljudnija zemlja na vanjskim granicama Evropske unije, javlja Anadolu Agency (AA).<\/p>\n\n\n\n<p>Merkel je u dana\u0161njem obra\u0107anju njema\u010dkom Bundestagu kazala da \u0107e na predstoje\u0107em samitu lidera Evropske unije biti razgovarano o odnosima izme\u0111u EU-a i Turske i o situaciji na istoku Mediterana.<\/p>\n\n\n\n<p>Isti\u010du\u0107i kako trenutno postoji mnogo sukoba kao \u0161tos su oni u Siriji, Ukrajini i na sjeveru Afrike, Merkel je kazala kako je razvoj i prosperitet EU-a mogu\u0107e graditi dobrim odnosima sa susjedima, a da je to posebno va\u017eno u kontekstu vi\u0161eslojnih odnosa sa Turskom koja je i \u010dlanica NATO-a.<\/p>\n\n\n\n<p>\u201cVisoki komesar Evropske unije za vanjsku politiku i sigurnost Josep Borell je pripremio izvje\u0161taj o tim vi\u0161eslojnim odnosima sa Republikom Turske\u201c, kazala je Merkel.<\/p>\n\n\n\n<p><strong>&#8211; Turska ima veliku strate\u0161ku va\u017enost za Evropu-<\/strong><\/p>\n\n\n\n<p>Komentiraju\u0107i situaciju na istoku Mediterana, Merkel je kazala da je dobra vijest da je Turska dala signale za smirivanje tenzija i obnovila dijalog sa Gr\u010dkom. Najavila je da \u0107e pregovori o budu\u0107nosti Kipra biti nastavljeni u formati 5+1 i to pod okriljem Ujedinjenih nacija.<\/p>\n\n\n\n<p>\u201cNa prethodnom samitu lidera EU-a je odlu\u010deno da se ponude opcije saradnje ako Turska smanji tenzije. Sada \u0107emo na ovom samitu razgovarati o tome kako da se kre\u0107emo tim putem. Ne\u0107e to biti laki pregovori. Me\u0111utim, nadam se da \u0107emo do\u0107i do nekog rje\u0161enja. Turska nije samo NATO saveznik i partner, ona ima strate\u0161ku va\u017enost kao druga najmnogoljudnija zemlja na vanjskim granicama EU-a\u201c, kazala je Merkel.<\/p>\n\n\n\n<p>Ukazuju\u0107i na \u010dinjenicu kako u Njema\u010dkoj \u017eivi veliki broj ljudi porijeklom iz Turske, Merkel je kazala da te dvije zemlje gaje posebno bliske odnose<\/p>\n\n\n\n<p>Ona je tako\u0111er kazala da treba sagledati i unutra\u0161nju politiku Turske te je dodala da se od te zemlje o\u010dekuje da po\u0161tuje standarde pravne dr\u017eave, a da je tu\u017ena vijest da se Turska povukla iz Istanbuske konvencije.<\/p>\n\n\n\n<p>\u201cNema koristi od \u0161utnje. Zato \u0107emo razgovarati o obnovi dijaloga na visokom nivou izme\u0111u Turske u EU-a. Imamo zajedni\u010dke interese, uklju\u010duju\u0107i i pote\u0161ko\u0107e koje izazivaju migracije. To mo\u017eemo rije\u0161iti sa Turskom\u201c, kazala je Merkel i izrazila potrebu dodatnog pro\u0161irivanja sporazuma kojeg su Turska i EU prije pet godina postigli o migracijama.<\/p>\n\n\n\n<p><strong>&#8211; Neophodnost proizvodnje anticovid vakcina u Evropi-<\/strong><\/p>\n\n\n\n<p>Njema\u010dka kancelarka Merkel je zastupnicima parlamenta te zemlje kazala da Evropa treba imati neovisnu proizvodnju vakcina protiv koronavirusa.<\/p>\n\n\n\n<p>\u201cVa\u017eno je da se vakcine proizvode na tlu Evrope. Engleska proizvodi za Veliku Britaniju, SAD ne izvozi vakcine koje proizvodi. Zato je dugoro\u010dna proizvodnja vakcina u Evropi va\u017ena\u201c, kazala je Merkel.<\/p>\n\n\n\n<p>Pozivaju\u0107i me\u0111unarodnu zajednicu na globalnu distribuciju vakcina, Merkel je upozorila da \u0107e u suprotnim svijet stalno biti suo\u010davan sa novim mutiranim varijantama koronavirusa.<\/p>\n","protected":false},"excerpt":{"rendered":"<p>Njema\u010dka kancelarka Angela Merkel izjavila je da Republika Turska nije samo saveznik iz NATO-a i partner, ve\u0107 da ima strate\u0161ku va\u017enost kao druga najmnogoljudnija zemlja na vanjskim granicama Evropske unije, javlja Anadolu Agency (AA). Merkel je u dana\u0161njem obra\u0107anju njema\u010dkom Bundestagu kazala da \u0107e na predstoje\u0107em samitu lidera Evropske unije biti razgovarano o odnosima izme\u0111u [&hellip;]<\/p>\n","protected":false},"author":59,"featured_media":25722,"comment_status":"closed","ping_status":"closed","sticky":false,"template":"","format":"standard","meta":{"inline_featured_image":false,"footnotes":""},"categories":[41],"tags":[],"class_list":{"0":"post-25721","1":"post","2":"type-post","3":"status-publish","4":"format-standard","5":"has-post-thumbnail","7":"category-svijet"},"acf":[],"_links":{"self":[{"href":"https:\/\/tvsensor.com\/api\/wp\/v2\/posts\/25721","targetHints":{"allow":["GET"]}}],"collection":[{"href":"https:\/\/tvsensor.com\/api\/wp\/v2\/posts"}],"about":[{"href":"https:\/\/tvsensor.com\/api\/wp\/v2\/types\/post"}],"author":[{"embeddable":true,"href":"https:\/\/tvsensor.com\/api\/wp\/v2\/users\/59"}],"replies":[{"embeddable":true,"href":"https:\/\/tvsensor.com\/api\/wp\/v2\/comments?post=25721"}],"version-history":[{"count":1,"href":"https:\/\/tvsensor.com\/api\/wp\/v2\/posts\/25721\/revisions"}],"predecessor-version":[{"id":25723,"href":"https:\/\/tvsensor.com\/api\/wp\/v2\/posts\/25721\/revisions\/25723"}],"wp:featuredmedia":[{"embeddable":true,"href":"https:\/\/tvsensor.com\/api\/wp\/v2\/media\/25722"}],"wp:attachment":[{"href":"https:\/\/tvsensor.com\/api\/wp\/v2\/media?parent=25721"}],"wp:term":[{"taxonomy":"category","embeddable":true,"href":"https:\/\/tvsensor.com\/api\/wp\/v2\/categories?post=25721"},{"taxonomy":"post_tag","embeddable":true,"href":"https:\/\/tvsensor.com\/api\/wp\/v2\/tags?post=25721"}],"curies":[{"name":"wp","href":"https:\/\/api.w.org\/{rel}","templated":true}]}}