{"id":25718,"date":"2021-03-25T13:49:58","date_gmt":"2021-03-25T12:49:58","guid":{"rendered":"https:\/\/senzor.ba\/?p=25718"},"modified":"2024-01-15T21:39:12","modified_gmt":"2024-01-15T20:39:12","slug":"japan-odrzana-ceremonija-paljenja-baklje-za-olimpijske-igre-u-tokiju","status":"publish","type":"post","link":"https:\/\/tvsensor.com\/clanak\/japan-odrzana-ceremonija-paljenja-baklje-za-olimpijske-igre-u-tokiju\/","title":{"rendered":"Japan: Odr\u017eana ceremonija paljenja baklje za Olimpijske igre u Tokiju"},"content":{"rendered":"\n<p>U japanskoj prefekturi Fukushima danas je odr\u017eana sve\u010dana ceremonija paljenja baklje za Olimpijske igre u Tokiju, javlja Anadolu Agency (AA).<\/p>\n\n\n\n<p>Ceremonija paljenja baklje uprili\u010dena u olimpijskom selu u Fukushimi, zbog pandemije koronavirusa odr\u017eana je bez prisustva gledalaca.<\/p>\n\n\n\n<p>\u010clanice japanske \u017eenske fudbalske selekcije, koje su 2011. godine osvojile FIFA-ino Svjetsko prvenstvo, prve su ponijele baklju.<\/p>\n\n\n\n<p>Predsjednica Organizacionog odbora Seiko Hashimoto istakla je da je ovo poseban momenat uprkos pandemiji koronavirusa koja poga\u0111a svijet.<\/p>\n\n\n\n<p>&#8220;Plamen je gorio tiho, ali sna\u017eno, iako svijet prolazi kroz te\u0161ke momente. Plamen \u0107e krenuti na putovanje u trajanju od 121 dana i nosit \u0107e nade japanskog naroda i \u017eelje za mirom ljudi \u0161irom svijeta&#8221; rekla je Hashimoto.<\/p>\n\n\n\n<p>Put olimpijskog plamena trajat \u0107e 121 dan tokom kojih \u0107e pre\u0107i svih 47 japanskih prefektura.<\/p>\n\n\n\n<p>Putovanje olimpijskog plamena bit \u0107e okon\u010dano 23. jula na Olimpijskom stadionu u Tokiju, kada \u0107e biti odr\u017eana ceremonija otvaranja Olimpijskih igara.<\/p>\n\n\n\n<p>Olimpijske igre koje su trebale biti odr\u017eane od 24. jula do 9. augusta 2020. godine, prolongirane su zbog COVID-19.<\/p>\n\n\n\n<p>Ova sportska manifestacija, na rasporedu od 23. jula do 8. augusta, odr\u017eat \u0107e se bez prisustva inostranih gledalaca.<\/p>\n","protected":false},"excerpt":{"rendered":"<p>U japanskoj prefekturi Fukushima danas je odr\u017eana sve\u010dana ceremonija paljenja baklje za Olimpijske igre u Tokiju, javlja Anadolu Agency (AA). Ceremonija paljenja baklje uprili\u010dena u olimpijskom selu u Fukushimi, zbog pandemije koronavirusa odr\u017eana je bez prisustva gledalaca. \u010clanice japanske \u017eenske fudbalske selekcije, koje su 2011. godine osvojile FIFA-ino Svjetsko prvenstvo, prve su ponijele baklju. Predsjednica [&hellip;]<\/p>\n","protected":false},"author":59,"featured_media":25719,"comment_status":"closed","ping_status":"closed","sticky":false,"template":"","format":"standard","meta":{"inline_featured_image":false,"footnotes":""},"categories":[61],"tags":[],"class_list":{"0":"post-25718","1":"post","2":"type-post","3":"status-publish","4":"format-standard","5":"has-post-thumbnail","7":"category-sport"},"acf":[],"_links":{"self":[{"href":"https:\/\/tvsensor.com\/api\/wp\/v2\/posts\/25718","targetHints":{"allow":["GET"]}}],"collection":[{"href":"https:\/\/tvsensor.com\/api\/wp\/v2\/posts"}],"about":[{"href":"https:\/\/tvsensor.com\/api\/wp\/v2\/types\/post"}],"author":[{"embeddable":true,"href":"https:\/\/tvsensor.com\/api\/wp\/v2\/users\/59"}],"replies":[{"embeddable":true,"href":"https:\/\/tvsensor.com\/api\/wp\/v2\/comments?post=25718"}],"version-history":[{"count":1,"href":"https:\/\/tvsensor.com\/api\/wp\/v2\/posts\/25718\/revisions"}],"predecessor-version":[{"id":25720,"href":"https:\/\/tvsensor.com\/api\/wp\/v2\/posts\/25718\/revisions\/25720"}],"wp:featuredmedia":[{"embeddable":true,"href":"https:\/\/tvsensor.com\/api\/wp\/v2\/media\/25719"}],"wp:attachment":[{"href":"https:\/\/tvsensor.com\/api\/wp\/v2\/media?parent=25718"}],"wp:term":[{"taxonomy":"category","embeddable":true,"href":"https:\/\/tvsensor.com\/api\/wp\/v2\/categories?post=25718"},{"taxonomy":"post_tag","embeddable":true,"href":"https:\/\/tvsensor.com\/api\/wp\/v2\/tags?post=25718"}],"curies":[{"name":"wp","href":"https:\/\/api.w.org\/{rel}","templated":true}]}}