{"id":25715,"date":"2021-03-25T13:46:10","date_gmt":"2021-03-25T12:46:10","guid":{"rendered":"https:\/\/senzor.ba\/?p=25715"},"modified":"2024-01-15T21:39:12","modified_gmt":"2024-01-15T20:39:12","slug":"erdogan-cestitao-kurtiju-na-izboru-i-zatrazio-da-preispita-otvaranje-ambasade-kosova-u-al-qudsu","status":"publish","type":"post","link":"https:\/\/tvsensor.com\/clanak\/erdogan-cestitao-kurtiju-na-izboru-i-zatrazio-da-preispita-otvaranje-ambasade-kosova-u-al-qudsu\/","title":{"rendered":"Erdogan \u010destitao Kurtiju na izboru i zatra\u017eio da preispita otvaranje ambasade Kosova u Al-Qudsu"},"content":{"rendered":"\n<p>Predsednik Turske Recep Tayyip Erdogan \u010destitao je Albinu Kurtiju na izboru za premijera Kosova i \u200bistovremeno od njega zatra\u017eio da preispita otvaranje ambasade Kosova u Al-Qudsu, prenosi Anadolu Agencny (AA).<\/p>\n\n\n\n<p>Erdogan je u \u010destitki kosovskom premijeru Kurtiju naveo da iskreno veruje da \u0107e tradicionalno prijateljstvo duboko ukorenjeno izme\u0111u dve zemlje biti razvijano i tokom njegovog premijerskog mandata.<\/p>\n\n\n\n<p>Turski predsednik Erdogan je u pismu naveo i da je uklju\u010divanje Turske demokratske partije Kosova (KDTP) u Vladu, stranke koja je osvojila dva mesta rezervisana za tursku zajednicu u Skup\u0161tini Kosova, pokazatelj je da Kurti obra\u0107a pa\u017enju prioritetima i o\u010dekivanjima turske zajednice.<\/p>\n\n\n\n<p>Istovremeno, Erdogan je pozvao Kurtijevu Vladu da preispita odluku o otvaranju kosovske ambasade u Al-Qudsu.<\/p>\n\n\n\n<p>&#8220;Turska \u0107e, kao i uvek, u narednom periodu pokazati solidarnost na svim poljima sa bratskim narodom Kosova. S druge strane, budu\u0107i da znam da i vi imate zabrinutost u vezi sa pitanjem kosovske ambasade, koja je kako je saop\u0161teno otvorena u Al-Qudsu, mislim da bi bilo korisno da va\u0161a Vlada razmotri ovo pitanje u okviru relevantnih rezolucija UN-a i me\u0111unarodnog prava\u201d, napisao je Erdogan.<\/p>\n\n\n\n<p>Nova Vlada Kosova na \u010delu sa premijerom Albinom Kurtijem, liderom Pokreta \u201cSamoopredeljenje\u201d, pobednikom prevremnih parlamentarnih izbora odr\u017eanih 14. februara, izabrana je 22. marta ve\u0107inom glasova poslanika Skup\u0161tine Kosova.<\/p>\n\n\n\n<p>Kosovo je zvani\u010dno otvorilo svoju ambasadu u Al-Qudsu 14.marta.<\/p>\n\n\n\n<p>Uspostavljanje diplomatskih odnosa izme\u0111u Kosova i Izraela i otvaranje ambasade u Al-Qudsu dogovoreno je Va\u0161ingtonskim sporazumom o ekonomskoj normalizaciji odnosa izme\u0111u Kosova i Srbije, koji je potpisan 4. septembra 2020. godine u Beloj ku\u0107i uz prisustvo tada\u0161njeg predsednika Donalda Trampa.<\/p>\n","protected":false},"excerpt":{"rendered":"<p>Predsednik Turske Recep Tayyip Erdogan \u010destitao je Albinu Kurtiju na izboru za premijera Kosova i \u200bistovremeno od njega zatra\u017eio da preispita otvaranje ambasade Kosova u Al-Qudsu, prenosi Anadolu Agencny (AA). Erdogan je u \u010destitki kosovskom premijeru Kurtiju naveo da iskreno veruje da \u0107e tradicionalno prijateljstvo duboko ukorenjeno izme\u0111u dve zemlje biti razvijano i tokom njegovog [&hellip;]<\/p>\n","protected":false},"author":59,"featured_media":25716,"comment_status":"closed","ping_status":"closed","sticky":false,"template":"","format":"standard","meta":{"inline_featured_image":false,"footnotes":""},"categories":[41],"tags":[],"class_list":{"0":"post-25715","1":"post","2":"type-post","3":"status-publish","4":"format-standard","5":"has-post-thumbnail","7":"category-svijet"},"acf":[],"_links":{"self":[{"href":"https:\/\/tvsensor.com\/api\/wp\/v2\/posts\/25715","targetHints":{"allow":["GET"]}}],"collection":[{"href":"https:\/\/tvsensor.com\/api\/wp\/v2\/posts"}],"about":[{"href":"https:\/\/tvsensor.com\/api\/wp\/v2\/types\/post"}],"author":[{"embeddable":true,"href":"https:\/\/tvsensor.com\/api\/wp\/v2\/users\/59"}],"replies":[{"embeddable":true,"href":"https:\/\/tvsensor.com\/api\/wp\/v2\/comments?post=25715"}],"version-history":[{"count":1,"href":"https:\/\/tvsensor.com\/api\/wp\/v2\/posts\/25715\/revisions"}],"predecessor-version":[{"id":25717,"href":"https:\/\/tvsensor.com\/api\/wp\/v2\/posts\/25715\/revisions\/25717"}],"wp:featuredmedia":[{"embeddable":true,"href":"https:\/\/tvsensor.com\/api\/wp\/v2\/media\/25716"}],"wp:attachment":[{"href":"https:\/\/tvsensor.com\/api\/wp\/v2\/media?parent=25715"}],"wp:term":[{"taxonomy":"category","embeddable":true,"href":"https:\/\/tvsensor.com\/api\/wp\/v2\/categories?post=25715"},{"taxonomy":"post_tag","embeddable":true,"href":"https:\/\/tvsensor.com\/api\/wp\/v2\/tags?post=25715"}],"curies":[{"name":"wp","href":"https:\/\/api.w.org\/{rel}","templated":true}]}}