{"id":25712,"date":"2021-03-25T10:08:19","date_gmt":"2021-03-25T09:08:19","guid":{"rendered":"https:\/\/senzor.ba\/?p=25712"},"modified":"2024-01-15T21:39:12","modified_gmt":"2024-01-15T20:39:12","slug":"garneau-kanada-stoji-uz-bih-i-osudjuje-negiranje-genocida","status":"publish","type":"post","link":"https:\/\/tvsensor.com\/clanak\/garneau-kanada-stoji-uz-bih-i-osudjuje-negiranje-genocida\/","title":{"rendered":"Garneau: Kanada stoji uz BiH i osu\u0111uje negiranje genocida"},"content":{"rendered":"\n<p>Institut za istra\u017eivanje genocida Kanada {IGK} je dobio pismene odgovore na dva pisma od novog kanadskog ministra vanjskih poslova po\u0161tovanog Marc Garneau.<br>U pismu se izme\u0111u ostalog ka\u017ee:<\/p>\n\n\n\n<p>\u201cHvala vam na porukama upu\u0107enih mom prethodniku, po\u0161tovanom Fran\u00e7ois-Philippe Champagne, povodom 25. godi\u0161njice genocida u Srebrenici i u vezi sa poricanjem genocida u BiH.<\/p>\n\n\n\n<p>\u017dalim zbog ka\u0161njenja u odgovoru.<\/p>\n\n\n\n<p>Kanada historijski podr\u017eavala dr\u017eavu BiH i bosanski narod. I dalje \u0107e to \u010diniti. Kao \u010dlan Vije\u0107a za provedbu mira i kao prijatelj dr\u017eave BiH, Kanada podr\\ava BiH u njenom razvoju kao stabilne, ekonomski odr\u017eive i multietni\u010dka demokratije, u evroatlantskoj porodici.<\/p>\n\n\n\n<p>11. juli je dan sje\u0107anja i po\u0161tovanja, tokom kojeg Kanada odaje po\u010dast \u017ertvama genocida u Srebrenici i po\u010dast pre\u017eivjelima koji nastavljaju \u017eivjeti s bolnim sje\u0107anjima na te tragi\u010dne dane. Moj prethodnik je dao posebnu izjavu povodom 25. godi\u0161njice od genocida u Srebrenici. Njegovu izjavu mo\u017eete pro\u010ditati na web stranici Global Affairs Canada.<\/p>\n\n\n\n<p>Dva me\u0111unarodna suda potvrdila su genocid u Srebrenici, ali ima i pojedinaca koji i dalje promoviraju revizionisti\u010dke pri\u010de o sukobu i negiraju ovu utvr\u0111enu \u010dinjenicu.<\/p>\n\n\n\n<p>Vlada Kanade i dalje je odlu\u010dna da se privedu pravdi po\u010dinioci zlo\u010dina u biv\u0161oj Jugoslaviji i nastavi\u0107e da radi sa svojim prijateljima na osiguranju da se ovaj cilj ispuni i tako zaustavi neka\u017enjivost uz po\u0161tovanje prema \u017ertvama i boli i patnje pre\u017eivjelih.<\/p>\n\n\n\n<p>Kanada tako\u0111e odlu\u010dno osu\u0111uje poku\u0161aje poricanja ili namjerno pogre\u0161no tuma\u010denje \u010dinjenica povezanih sa genocidom u Srebrenici. U maju 2019. Kanada je podr\u017eala Visokog predstavnika za BiH, dr. Valentina Inzka, koji je u svom izvje\u0161taju Generalnom sekretaru Ujedinjenih nacija naglasio da komisije entiteta Republike Srpske za novo tuma\u010denje doga\u0111aja koji su se dogodili u Srebrenici i Sarajevu od 1992. godine do 1995. ne\u0107e imati povijesnu vrijednost i ne\u0107e pridonijeti istini, pravdi i pomirenju.<\/p>\n\n\n\n<p>Genocidu nije mjesto u na\u0161em svijetu. Niko se nesmije pla\u0161iti diskriminacije, progona ili nasilja zbog onoga \u0161ta je po nacionalnosti, vjeri, kulturi i tradiciji. Kanada \u0107e nastaviti te\u017eiti svijetu u kome su sva ljudska bi\u0107a jednaka u dostojanstvu i pravima.<\/p>\n\n\n\n<p>Kanada najo\u0161trije osu\u0111uje genocidna djela po\u010dinjena u Srebrenica i poku\u0161aje njihovog poricanja\u201d, naveo je u pismu.<\/p>\n\n\n\n<figure class=\"wp-block-image\"><img decoding=\"async\" src=\"https:\/\/saff.ba\/wp-content\/uploads\/2021\/03\/doc1.jpg\" alt=\"\" class=\"wp-image-69534\"\/><\/figure>\n","protected":false},"excerpt":{"rendered":"<p>Institut za istra\u017eivanje genocida Kanada {IGK} je dobio pismene odgovore na dva pisma od novog kanadskog ministra vanjskih poslova po\u0161tovanog Marc Garneau.U pismu se izme\u0111u ostalog ka\u017ee: \u201cHvala vam na porukama upu\u0107enih mom prethodniku, po\u0161tovanom Fran\u00e7ois-Philippe Champagne, povodom 25. godi\u0161njice genocida u Srebrenici i u vezi sa poricanjem genocida u BiH. \u017dalim zbog ka\u0161njenja u [&hellip;]<\/p>\n","protected":false},"author":59,"featured_media":25713,"comment_status":"closed","ping_status":"closed","sticky":false,"template":"","format":"standard","meta":{"inline_featured_image":false,"footnotes":""},"categories":[41],"tags":[],"class_list":{"0":"post-25712","1":"post","2":"type-post","3":"status-publish","4":"format-standard","5":"has-post-thumbnail","7":"category-svijet"},"acf":[],"_links":{"self":[{"href":"https:\/\/tvsensor.com\/api\/wp\/v2\/posts\/25712","targetHints":{"allow":["GET"]}}],"collection":[{"href":"https:\/\/tvsensor.com\/api\/wp\/v2\/posts"}],"about":[{"href":"https:\/\/tvsensor.com\/api\/wp\/v2\/types\/post"}],"author":[{"embeddable":true,"href":"https:\/\/tvsensor.com\/api\/wp\/v2\/users\/59"}],"replies":[{"embeddable":true,"href":"https:\/\/tvsensor.com\/api\/wp\/v2\/comments?post=25712"}],"version-history":[{"count":1,"href":"https:\/\/tvsensor.com\/api\/wp\/v2\/posts\/25712\/revisions"}],"predecessor-version":[{"id":25714,"href":"https:\/\/tvsensor.com\/api\/wp\/v2\/posts\/25712\/revisions\/25714"}],"wp:featuredmedia":[{"embeddable":true,"href":"https:\/\/tvsensor.com\/api\/wp\/v2\/media\/25713"}],"wp:attachment":[{"href":"https:\/\/tvsensor.com\/api\/wp\/v2\/media?parent=25712"}],"wp:term":[{"taxonomy":"category","embeddable":true,"href":"https:\/\/tvsensor.com\/api\/wp\/v2\/categories?post=25712"},{"taxonomy":"post_tag","embeddable":true,"href":"https:\/\/tvsensor.com\/api\/wp\/v2\/tags?post=25712"}],"curies":[{"name":"wp","href":"https:\/\/api.w.org\/{rel}","templated":true}]}}