{"id":25709,"date":"2021-03-25T09:48:42","date_gmt":"2021-03-25T08:48:42","guid":{"rendered":"https:\/\/senzor.ba\/?p=25709"},"modified":"2024-01-15T21:39:12","modified_gmt":"2024-01-15T20:39:12","slug":"jutros-najtoplije-u-neumu-7-stepeni-evo-kakvo-nas-vrijeme-ocekuje-za-vikend","status":"publish","type":"post","link":"https:\/\/tvsensor.com\/clanak\/jutros-najtoplije-u-neumu-7-stepeni-evo-kakvo-nas-vrijeme-ocekuje-za-vikend\/","title":{"rendered":"Jutros najtoplije u Neumu, 7 stepeni: Evo kakvo nas vrijeme o\u010dekuje za vikend"},"content":{"rendered":"\n<p><strong>Jutros je u Bosni<\/strong>&nbsp;bilo umjereno do prete\u017eno obla\u010dno vrijeme, a samo ponegdje je registrovana i sa slaba ki\u0161a.&nbsp;<strong>U Hercegovini<\/strong>&nbsp;i na istoku ne\u0161to manje obla\u010dnosti i sun\u010danije.<\/p>\n\n\n\n<p>Temperature zraka u 07 sati: Bjela\u0161nica -12 stepeni, Ivan-sedlo -4, Tuzla 0, Sarajevo i Zenica 1, Biha\u0107, Grada\u010dac i Grude 2, Bugojno i Livno 3, Jajce i Sanski Most 4, Drvar i Stolac 5, Mostar 6, Neum 7 stepeni.<\/p>\n\n\n\n<p>Atmosferski&nbsp;pritisak&nbsp;je u Sarajevu je iznosio 947 milibara, za 5 milibara je vi\u0161i od normalnog i sporo raste.&nbsp;<\/p>\n\n\n\n<p><em>BIOPROGNOZA: Biometeorolo\u0161ke prilike blago \u0107e se popravljati sa odmicanjem dana. Lagani porast temperatura i postepeni prestanak padavina, ugodno \u0107e djelovati na ve\u0107inu populacije, a tegobe kod osjetljivih osoba djelimi\u010dno \u0107e se umanjiti. Jo\u0161 uvijek \u0107e biti prohladno, naro\u010dito u jutarnjim satima, stoga nije naodmet biti oprezniji i posvetiti pa\u017enju odijevanju, te ne pretjerivati sa aktivnostima. Sa dolaskom no\u0107i op\u0161ta slika dodatno \u0107e se proljep\u0161ati.<\/em><\/p>\n\n\n\n<p><strong>U petak<\/strong>&nbsp;sun\u010dano uz malu do umjerenu obla\u010dnost. Jutarnja temperatura od -5 do 0, na jugu od 0 do 4, a najvi\u0161a dnevna od 7 do 13, na jugu do 16 stepeni.<\/p>\n\n\n\n<p><strong>U subotu<\/strong>&nbsp;umjereno do prete\u017eno obla\u010dno vrijeme. U ve\u010dernjim satima u Posavini je mogu\u0107a slaba ki\u0161a. Jutarnja temperatura od -1 do 4, na jugu do 7, a najvi\u0161a dnevna od 8 do 16 stepeni.<\/p>\n\n\n\n<p>U nedjelju \u0107e biti umjereno do prete\u017eno obla\u010dno vrijeme. U jutarnjim satima, ponegdje na sjeveru mo\u017ee pasti i malo ki\u0161e.<\/p>\n\n\n\n<p>Jutarnja temperatura od 1 do 6, na jugu do 8, a najvi\u0161a dnevna od 8 do 16 stepeni.<\/p>\n","protected":false},"excerpt":{"rendered":"<p>Jutros je u Bosni&nbsp;bilo umjereno do prete\u017eno obla\u010dno vrijeme, a samo ponegdje je registrovana i sa slaba ki\u0161a.&nbsp;U Hercegovini&nbsp;i na istoku ne\u0161to manje obla\u010dnosti i sun\u010danije. Temperature zraka u 07 sati: Bjela\u0161nica -12 stepeni, Ivan-sedlo -4, Tuzla 0, Sarajevo i Zenica 1, Biha\u0107, Grada\u010dac i Grude 2, Bugojno i Livno 3, Jajce i Sanski Most [&hellip;]<\/p>\n","protected":false},"author":59,"featured_media":25710,"comment_status":"closed","ping_status":"closed","sticky":false,"template":"","format":"standard","meta":{"inline_featured_image":false,"footnotes":""},"categories":[38],"tags":[],"class_list":{"0":"post-25709","1":"post","2":"type-post","3":"status-publish","4":"format-standard","5":"has-post-thumbnail","7":"category-vijesti-iz-bih"},"acf":[],"_links":{"self":[{"href":"https:\/\/tvsensor.com\/api\/wp\/v2\/posts\/25709","targetHints":{"allow":["GET"]}}],"collection":[{"href":"https:\/\/tvsensor.com\/api\/wp\/v2\/posts"}],"about":[{"href":"https:\/\/tvsensor.com\/api\/wp\/v2\/types\/post"}],"author":[{"embeddable":true,"href":"https:\/\/tvsensor.com\/api\/wp\/v2\/users\/59"}],"replies":[{"embeddable":true,"href":"https:\/\/tvsensor.com\/api\/wp\/v2\/comments?post=25709"}],"version-history":[{"count":1,"href":"https:\/\/tvsensor.com\/api\/wp\/v2\/posts\/25709\/revisions"}],"predecessor-version":[{"id":25711,"href":"https:\/\/tvsensor.com\/api\/wp\/v2\/posts\/25709\/revisions\/25711"}],"wp:featuredmedia":[{"embeddable":true,"href":"https:\/\/tvsensor.com\/api\/wp\/v2\/media\/25710"}],"wp:attachment":[{"href":"https:\/\/tvsensor.com\/api\/wp\/v2\/media?parent=25709"}],"wp:term":[{"taxonomy":"category","embeddable":true,"href":"https:\/\/tvsensor.com\/api\/wp\/v2\/categories?post=25709"},{"taxonomy":"post_tag","embeddable":true,"href":"https:\/\/tvsensor.com\/api\/wp\/v2\/tags?post=25709"}],"curies":[{"name":"wp","href":"https:\/\/api.w.org\/{rel}","templated":true}]}}