{"id":25689,"date":"2021-03-25T09:34:45","date_gmt":"2021-03-25T08:34:45","guid":{"rendered":"https:\/\/senzor.ba\/?p=25689"},"modified":"2024-01-15T21:39:12","modified_gmt":"2024-01-15T20:39:12","slug":"fahrudin-adilovic-i-jusic-semir-sportske-nade-ze-do-kantona-za-2020-godinu","status":"publish","type":"post","link":"https:\/\/tvsensor.com\/clanak\/fahrudin-adilovic-i-jusic-semir-sportske-nade-ze-do-kantona-za-2020-godinu\/","title":{"rendered":"Fahrudin Adilovi\u0107  i Jusi\u0107 Semir sportske nade ZE-DO kantona za 2020 godinu!"},"content":{"rendered":"\n<p>Na 64. manifestaciji Sportista Zeni\u010dko-dobojskog kantona u izboru NIPD \u201eNa\u0161a rije\u010d\u201c iz Zenice, za najbolje sportiste\u00a0\u00a0Zeni\u010dko-dobojskog kantona\u00a0u 2020. godinu.\u00a0Organizator manifestacije \u201cSportista ZE-DO kantona 2020\u201d bila je NIPD Na\u0161a rije\u010d. Generalni pokrovitelj Manifestacije bila je Vlada Zeni\u010dko-dobojskog kantona.\u00a0Ovaj izbor sportista odr\u017ean je bez prisustva publike a zbog epidemiolo\u0161kih mjera.<\/p>\n\n\n\n<p>Ispred na\u0161eg Taekwondo Kolektiva Bosna za sportske nade izabrani su Fahrudin Adilovi\u0107 i Jusi\u0107 Semir, \u0161to je potvrda konstantno dobrih rezultata na\u0161eg kolektiva. U godini pandemije na\u0161i \u010dlanovi uspjeli su posti\u0107i vrhunske rezultate te tako nastaviti sa sportskim uspjesima. U pratnji na\u0161ih dobitnika nagrada bili su treneri Kajevi\u0107 Almin i Ahmetspahi\u0107 Kerim.<\/p>\n\n\n\n<p>Glavni i odgovorni trener TKD Kolektiva Bosna Kajevi\u0107 Edin Kaja \u010destita na\u0161im dobitnicima nagrada Fahrudinu i Semiru uz \u017eelje za dobro zdravlje i nastavak uspje\u0161nih rezultata.<\/p>\n","protected":false},"excerpt":{"rendered":"<p>Na 64. manifestaciji Sportista Zeni\u010dko-dobojskog kantona u izboru NIPD \u201eNa\u0161a rije\u010d\u201c iz Zenice, za najbolje sportiste\u00a0\u00a0Zeni\u010dko-dobojskog kantona\u00a0u 2020. godinu.\u00a0Organizator manifestacije \u201cSportista ZE-DO kantona 2020\u201d bila je NIPD Na\u0161a rije\u010d. Generalni pokrovitelj Manifestacije bila je Vlada Zeni\u010dko-dobojskog kantona.\u00a0Ovaj izbor sportista odr\u017ean je bez prisustva publike a zbog epidemiolo\u0161kih mjera. Ispred na\u0161eg Taekwondo Kolektiva Bosna za sportske [&hellip;]<\/p>\n","protected":false},"author":59,"featured_media":25692,"comment_status":"closed","ping_status":"closed","sticky":false,"template":"","format":"gallery","meta":{"inline_featured_image":false,"footnotes":""},"categories":[61],"tags":[],"class_list":{"0":"post-25689","1":"post","2":"type-post","3":"status-publish","4":"format-gallery","5":"has-post-thumbnail","7":"category-sport","8":"post_format-post-format-gallery"},"acf":[],"_links":{"self":[{"href":"https:\/\/tvsensor.com\/api\/wp\/v2\/posts\/25689","targetHints":{"allow":["GET"]}}],"collection":[{"href":"https:\/\/tvsensor.com\/api\/wp\/v2\/posts"}],"about":[{"href":"https:\/\/tvsensor.com\/api\/wp\/v2\/types\/post"}],"author":[{"embeddable":true,"href":"https:\/\/tvsensor.com\/api\/wp\/v2\/users\/59"}],"replies":[{"embeddable":true,"href":"https:\/\/tvsensor.com\/api\/wp\/v2\/comments?post=25689"}],"version-history":[{"count":2,"href":"https:\/\/tvsensor.com\/api\/wp\/v2\/posts\/25689\/revisions"}],"predecessor-version":[{"id":25696,"href":"https:\/\/tvsensor.com\/api\/wp\/v2\/posts\/25689\/revisions\/25696"}],"wp:featuredmedia":[{"embeddable":true,"href":"https:\/\/tvsensor.com\/api\/wp\/v2\/media\/25692"}],"wp:attachment":[{"href":"https:\/\/tvsensor.com\/api\/wp\/v2\/media?parent=25689"}],"wp:term":[{"taxonomy":"category","embeddable":true,"href":"https:\/\/tvsensor.com\/api\/wp\/v2\/categories?post=25689"},{"taxonomy":"post_tag","embeddable":true,"href":"https:\/\/tvsensor.com\/api\/wp\/v2\/tags?post=25689"}],"curies":[{"name":"wp","href":"https:\/\/api.w.org\/{rel}","templated":true}]}}