{"id":25682,"date":"2021-03-24T19:35:26","date_gmt":"2021-03-24T18:35:26","guid":{"rendered":"https:\/\/senzor.ba\/?p=25682"},"modified":"2024-01-15T21:39:13","modified_gmt":"2024-01-15T20:39:13","slug":"bogic-bogicevic-odustao-od-kandidature","status":"publish","type":"post","link":"https:\/\/tvsensor.com\/clanak\/bogic-bogicevic-odustao-od-kandidature\/","title":{"rendered":"Bogi\u0107 Bogi\u0107evi\u0107 odustao od kandidature!"},"content":{"rendered":"\n<p><strong>Bogi\u0107 Bogi\u0107evi\u0107 odustao je od kandidature za gradona\u010delnika Sarajeva.<\/strong><\/p>\n\n\n\n<p>Ova informacije je potvr\u0111ena za portal&nbsp;<em><strong>tvsensor.com<\/strong><\/em>.<\/p>\n\n\n\n<p>Njegovo pismo, upu\u0107eno&nbsp;Nerminu Nik\u0161i\u0107u lideru SDP-a, prenosimo u cijelosti.<\/p>\n\n\n\n<p>&#8220;Obavje\u0161tavam te o mojoj neopozivoj odluci da povu\u010dem kandidaturu za gradona\u010delnika Sarajeva.<\/p>\n\n\n\n<p>Ona je o\u010digledno postala kamen spoticanja u koalicionim odnosima \u010cetvorke, koja je tim povodom pokazala evidentno nejedinstvo na dana\u0161njoj sjednici Gradskog vije\u0107a Sarajeva. To nejedinstvo svojevrsna je poruka da, unutar \u010cetvorke, nisam po\u017eeljan kandidat za pomenutu odgovornu funkciju. <strong>Ne \u017eelim da se va\u0161i me\u0111ustrana\u010daki odnosi naru\u0161avaju zbog mene, niti \u017eelim da se moje ime koristi u nedoli\u010dnim politi\u010dkim i izbornim igrama, na \u0161ta je li\u010dila dana\u0161nja sjednica Gradskog vije\u0107a Sarajeva<\/strong>.<\/p>\n\n\n\n<p>Zahvaljujem se Socijaldemokratskoj partiji na povjerenju koje mi je ukazala kandidovanjem za gradona\u010delnika glavnog grada Bosne i Hercegovine. Posebno se zahvaljujem onom dijelu javnosti koji mi je iskazao veliku podr\u0161ku i po\u0161tovanje. Na\u017ealost, ne mojom krivnjom, njihova o\u010dekivanja su iznevjerena.<\/p>\n\n\n\n<p>Moju odluku ne mislim \u0161ire obrazlagati niti dalje javno komentarisati&#8221;, navodi se u pismu.<\/p>\n","protected":false},"excerpt":{"rendered":"<p>Bogi\u0107 Bogi\u0107evi\u0107 odustao je od kandidature za gradona\u010delnika Sarajeva. Ova informacije je potvr\u0111ena za portal&nbsp;tvsensor.com. Njegovo pismo, upu\u0107eno&nbsp;Nerminu Nik\u0161i\u0107u lideru SDP-a, prenosimo u cijelosti. &#8220;Obavje\u0161tavam te o mojoj neopozivoj odluci da povu\u010dem kandidaturu za gradona\u010delnika Sarajeva. Ona je o\u010digledno postala kamen spoticanja u koalicionim odnosima \u010cetvorke, koja je tim povodom pokazala evidentno nejedinstvo na dana\u0161njoj [&hellip;]<\/p>\n","protected":false},"author":59,"featured_media":25683,"comment_status":"closed","ping_status":"closed","sticky":false,"template":"","format":"standard","meta":{"inline_featured_image":false,"footnotes":""},"categories":[376,38],"tags":[],"class_list":{"0":"post-25682","1":"post","2":"type-post","3":"status-publish","4":"format-standard","5":"has-post-thumbnail","7":"category-featured","8":"category-vijesti-iz-bih"},"acf":[],"_links":{"self":[{"href":"https:\/\/tvsensor.com\/api\/wp\/v2\/posts\/25682","targetHints":{"allow":["GET"]}}],"collection":[{"href":"https:\/\/tvsensor.com\/api\/wp\/v2\/posts"}],"about":[{"href":"https:\/\/tvsensor.com\/api\/wp\/v2\/types\/post"}],"author":[{"embeddable":true,"href":"https:\/\/tvsensor.com\/api\/wp\/v2\/users\/59"}],"replies":[{"embeddable":true,"href":"https:\/\/tvsensor.com\/api\/wp\/v2\/comments?post=25682"}],"version-history":[{"count":2,"href":"https:\/\/tvsensor.com\/api\/wp\/v2\/posts\/25682\/revisions"}],"predecessor-version":[{"id":25685,"href":"https:\/\/tvsensor.com\/api\/wp\/v2\/posts\/25682\/revisions\/25685"}],"wp:featuredmedia":[{"embeddable":true,"href":"https:\/\/tvsensor.com\/api\/wp\/v2\/media\/25683"}],"wp:attachment":[{"href":"https:\/\/tvsensor.com\/api\/wp\/v2\/media?parent=25682"}],"wp:term":[{"taxonomy":"category","embeddable":true,"href":"https:\/\/tvsensor.com\/api\/wp\/v2\/categories?post=25682"},{"taxonomy":"post_tag","embeddable":true,"href":"https:\/\/tvsensor.com\/api\/wp\/v2\/tags?post=25682"}],"curies":[{"name":"wp","href":"https:\/\/api.w.org\/{rel}","templated":true}]}}