{"id":25675,"date":"2021-03-24T19:14:45","date_gmt":"2021-03-24T18:14:45","guid":{"rendered":"https:\/\/senzor.ba\/?p=25675"},"modified":"2024-01-15T21:39:13","modified_gmt":"2024-01-15T20:39:13","slug":"vlada-kantona-sarajevo-presla-na-usluge-telekom-operatera-mtel","status":"publish","type":"post","link":"https:\/\/tvsensor.com\/clanak\/vlada-kantona-sarajevo-presla-na-usluge-telekom-operatera-mtel\/","title":{"rendered":"Vlada Kantona Sarajevo pre\u0161la na usluge telekom operatera \u201cM:tel\u201d"},"content":{"rendered":"\n<p><strong>Premijer, ministri i slu\u017ebenici Vlade Kantona Sarajevo ubudu\u0107e \u0107e koristiti mobilnu telefoniju telekom operatera \u201cM:tel\u201d Banjaluka \u010diji je ve\u0107inski vlasnik Telekom Srbije, a koji je u ve\u0107inskom vlasni\u0161tvu Srbije.<\/strong><\/p>\n\n\n\n<p>\u201cPrihvata se preporuka Komisije za ustupanje usluga u postupku javne nabavke usluga mobilne telefonije za potrebe Kantona Sarajevo u 2021. godini i ugovor za predmetnu nabavku dodjeljuje se najpovoljnijem ponu\u0111a\u010du `M:tel`\u201d, navedeno je u odluci o izboru najpovoljnijeg ponu\u0111a\u010da za usluge mobilne telefonije, koja je donesena 11. marta.<\/p>\n\n\n\n<p>\u201c<strong>M:telova<\/strong>\u201d ponuda bila je&nbsp;<strong>51.817 KM<\/strong>&nbsp;i&nbsp;<strong>284.000 minuta<\/strong>, a \u201c<strong>BH telekom<\/strong>\u201c<strong>&nbsp;76.654 KM<\/strong>&nbsp;i&nbsp;<strong>1,8 miliona minuta<\/strong>, prenose mediji.<\/p>\n\n\n\n<p>Vlada Kantona Sarajevo je telekomunikacione usluge nabavljala od \u201cBH telekoma\u201d, preduze\u0107a \u010diji je ve\u0107inski vlasnik Federacija BiH. Ugovori su, uglavnom, dodjeljivani na osnovu pregovara\u010dkog postupka, bez objave obavje\u0161tenja. U ve\u0107ini slu\u010dajeva fiksna i mobilna telefonija ugovorana je u okviru iste nabavke.<\/p>\n\n\n\n<p>U februaru ove godine Vlada FBiH, na \u010dijem je \u010delu&nbsp;<strong>Edin Forto<\/strong>, odlu\u010dila se za druga\u010diji pristup i opredjeljuju se za otvoreni postupak i razdvajaju tendere za fiksnu i mobilnu telefoniju.<\/p>\n\n\n\n<p>\u201cUgovorni organ mo\u017ee zaklju\u010diti Ugovor za predmetnu nabavku usluga mobilne telefonije za potrebe organa Kantona Sarajevo, a u okviru raspolo\u017eivih sredstava odobrenog bud\u017eeta, procijenjene vrijednosti&nbsp;<strong>110.000 KM bez PDV-a<\/strong>\u201c, navedeno je u tenderskoj dokumentaciji.<\/p>\n","protected":false},"excerpt":{"rendered":"<p>Premijer, ministri i slu\u017ebenici Vlade Kantona Sarajevo ubudu\u0107e \u0107e koristiti mobilnu telefoniju telekom operatera \u201cM:tel\u201d Banjaluka \u010diji je ve\u0107inski vlasnik Telekom Srbije, a koji je u ve\u0107inskom vlasni\u0161tvu Srbije. \u201cPrihvata se preporuka Komisije za ustupanje usluga u postupku javne nabavke usluga mobilne telefonije za potrebe Kantona Sarajevo u 2021. godini i ugovor za predmetnu nabavku [&hellip;]<\/p>\n","protected":false},"author":59,"featured_media":25677,"comment_status":"closed","ping_status":"closed","sticky":false,"template":"","format":"standard","meta":{"inline_featured_image":false,"footnotes":""},"categories":[38],"tags":[],"class_list":{"0":"post-25675","1":"post","2":"type-post","3":"status-publish","4":"format-standard","5":"has-post-thumbnail","7":"category-vijesti-iz-bih"},"acf":[],"_links":{"self":[{"href":"https:\/\/tvsensor.com\/api\/wp\/v2\/posts\/25675","targetHints":{"allow":["GET"]}}],"collection":[{"href":"https:\/\/tvsensor.com\/api\/wp\/v2\/posts"}],"about":[{"href":"https:\/\/tvsensor.com\/api\/wp\/v2\/types\/post"}],"author":[{"embeddable":true,"href":"https:\/\/tvsensor.com\/api\/wp\/v2\/users\/59"}],"replies":[{"embeddable":true,"href":"https:\/\/tvsensor.com\/api\/wp\/v2\/comments?post=25675"}],"version-history":[{"count":1,"href":"https:\/\/tvsensor.com\/api\/wp\/v2\/posts\/25675\/revisions"}],"predecessor-version":[{"id":25678,"href":"https:\/\/tvsensor.com\/api\/wp\/v2\/posts\/25675\/revisions\/25678"}],"wp:featuredmedia":[{"embeddable":true,"href":"https:\/\/tvsensor.com\/api\/wp\/v2\/media\/25677"}],"wp:attachment":[{"href":"https:\/\/tvsensor.com\/api\/wp\/v2\/media?parent=25675"}],"wp:term":[{"taxonomy":"category","embeddable":true,"href":"https:\/\/tvsensor.com\/api\/wp\/v2\/categories?post=25675"},{"taxonomy":"post_tag","embeddable":true,"href":"https:\/\/tvsensor.com\/api\/wp\/v2\/tags?post=25675"}],"curies":[{"name":"wp","href":"https:\/\/api.w.org\/{rel}","templated":true}]}}