{"id":25664,"date":"2021-03-24T18:34:09","date_gmt":"2021-03-24T17:34:09","guid":{"rendered":"https:\/\/senzor.ba\/?p=25664"},"modified":"2024-01-15T21:39:13","modified_gmt":"2024-01-15T20:39:13","slug":"porodica-memic-povodom-trece-godisnjice-smrti-davida-zajedno-do-kraja","status":"publish","type":"post","link":"https:\/\/tvsensor.com\/clanak\/porodica-memic-povodom-trece-godisnjice-smrti-davida-zajedno-do-kraja\/","title":{"rendered":"Porodica Memi\u0107 povodom tre\u0107e godi\u0161njice smrti Davida: Zajedno do kraja!"},"content":{"rendered":"\n<p><strong>Tri su godine od pronalaska tijela mladi\u0107a<\/strong>&nbsp;<strong>Davida Dragi\u010devi\u0107a.<\/strong><\/p>\n\n\n\n<p>Tim povodom se i porodica&nbsp;ubijenog mladi\u0107a D\u017eenana Memi\u0107a oglasila putem Facebook grupe.<\/p>\n\n\n\n<p>&#8220;<strong>Borba roditelja Davida Dragi\u010devi\u0107a za istinu i pravdu traje ve\u0107 pune tri godine.<\/strong><\/p>\n\n\n\n<p><strong>Zajedno do kraja!<\/strong><\/p>\n\n\n\n<p><strong>Do istine i pravde!<\/strong><\/p>\n\n\n\n<p>Pravda za Davida&#8221;, poru\u010dili su na stranici &#8220;Pravda za D\u017eenana Memi\u0107a&#8221;.<\/p>\n\n\n\n<p>Napomenimo da su \u010dlanovi grupe &#8220;Pravda za Davida&#8221; ovim povodom\u00a0se danas okupili na u\u0161\u0107u rijeke Crkvene u Vrbas.<\/p>\n\n\n\n<html>\n  <title>My Website<\/title>\n<body>\n  <script async defer src=\"https:\/\/connect.facebook.net\/en_US\/sdk.js#xfbml=1&#038;version=v3.2\"><\/script>  \n  <div class=\"fb-post\" \n      data-href=\"https:\/\/www.facebook.com\/ZaDzenana\/posts\/3778472775593922\/\"\n      data-width=\"500\"><\/div>\n<\/body>\n<\/html>\n","protected":false},"excerpt":{"rendered":"<p>Tri su godine od pronalaska tijela mladi\u0107a&nbsp;Davida Dragi\u010devi\u0107a. Tim povodom se i porodica&nbsp;ubijenog mladi\u0107a D\u017eenana Memi\u0107a oglasila putem Facebook grupe. &#8220;Borba roditelja Davida Dragi\u010devi\u0107a za istinu i pravdu traje ve\u0107 pune tri godine. Zajedno do kraja! Do istine i pravde! Pravda za Davida&#8221;, poru\u010dili su na stranici &#8220;Pravda za D\u017eenana Memi\u0107a&#8221;. Napomenimo da su \u010dlanovi [&hellip;]<\/p>\n","protected":false},"author":59,"featured_media":25665,"comment_status":"closed","ping_status":"closed","sticky":false,"template":"","format":"standard","meta":{"inline_featured_image":false,"footnotes":""},"categories":[38],"tags":[],"class_list":{"0":"post-25664","1":"post","2":"type-post","3":"status-publish","4":"format-standard","5":"has-post-thumbnail","7":"category-vijesti-iz-bih"},"acf":[],"_links":{"self":[{"href":"https:\/\/tvsensor.com\/api\/wp\/v2\/posts\/25664","targetHints":{"allow":["GET"]}}],"collection":[{"href":"https:\/\/tvsensor.com\/api\/wp\/v2\/posts"}],"about":[{"href":"https:\/\/tvsensor.com\/api\/wp\/v2\/types\/post"}],"author":[{"embeddable":true,"href":"https:\/\/tvsensor.com\/api\/wp\/v2\/users\/59"}],"replies":[{"embeddable":true,"href":"https:\/\/tvsensor.com\/api\/wp\/v2\/comments?post=25664"}],"version-history":[{"count":1,"href":"https:\/\/tvsensor.com\/api\/wp\/v2\/posts\/25664\/revisions"}],"predecessor-version":[{"id":25666,"href":"https:\/\/tvsensor.com\/api\/wp\/v2\/posts\/25664\/revisions\/25666"}],"wp:featuredmedia":[{"embeddable":true,"href":"https:\/\/tvsensor.com\/api\/wp\/v2\/media\/25665"}],"wp:attachment":[{"href":"https:\/\/tvsensor.com\/api\/wp\/v2\/media?parent=25664"}],"wp:term":[{"taxonomy":"category","embeddable":true,"href":"https:\/\/tvsensor.com\/api\/wp\/v2\/categories?post=25664"},{"taxonomy":"post_tag","embeddable":true,"href":"https:\/\/tvsensor.com\/api\/wp\/v2\/tags?post=25664"}],"curies":[{"name":"wp","href":"https:\/\/api.w.org\/{rel}","templated":true}]}}