{"id":25651,"date":"2021-03-24T14:09:47","date_gmt":"2021-03-24T13:09:47","guid":{"rendered":"https:\/\/senzor.ba\/?p=25651"},"modified":"2024-01-15T21:39:13","modified_gmt":"2024-01-15T20:39:13","slug":"pjanic-na-transfer-listi-barce-koeman-razocaran-njegovim-medijskim-istupima","status":"publish","type":"post","link":"https:\/\/tvsensor.com\/clanak\/pjanic-na-transfer-listi-barce-koeman-razocaran-njegovim-medijskim-istupima\/","title":{"rendered":"Pjani\u0107 na transfer listi Barce?"},"content":{"rendered":"\n<p><strong>Prema pisanju pojedinih \u0161panskih medija, Barcelona je na zahtjev trenera Ronalda Koemana na transfer listu stavila bosanskohercegova\u010dkog reprezentativca Miralema Pjani\u0107a i on definitivno nije u planovima nizozemskog stru\u010dnjaka za narednu sezonu.<\/strong><\/p>\n\n\n\n<p>TV3 prenosi da je Koeman razo\u010daran javnim medijskim istupima Pjani\u0107a, koji je u nekoliko navrata ponovio da je nezadovoljan statusom i malom minuta\u017eom na Nou Campu.<\/p>\n\n\n\n<p>Pjani\u0107 se tako na\u0161ao se na transfer listi Barce jer je za Koemana postao \u201cnebitan\u201d, a da je tako pokazuju i posljednje tri utakmice u kojima je ostao na klupi, \u010dak i u trenucima kada nije bilo dilema oko pobjednika.<br>Iskusni veznjak je pred po\u010detak sezone stigao u Barcelonu za 60 miliona eura iz redova Juventusa, ali nije se nametnuo. Tokom sezone skupio je 28 utakmica, ali uglavnom je ulazio s klupe i imao je vrlo skromnu minuta\u017eu.<\/p>\n\n\n\n<p>Bh. nogometa\u0161 \u0107e po svemu sude\u0107i morati napustiti Nou Camp jer se ne uklapa u planove trenera Barcelone, a u prilog tome ide i vijest da je novi predsjednik Barcelone Joan Laporta dao garancije Koemanu da \u0107e ostati na klupi.<\/p>\n","protected":false},"excerpt":{"rendered":"<p>Prema pisanju pojedinih \u0161panskih medija, Barcelona je na zahtjev trenera Ronalda Koemana na transfer listu stavila bosanskohercegova\u010dkog reprezentativca Miralema Pjani\u0107a i on definitivno nije u planovima nizozemskog stru\u010dnjaka za narednu sezonu. TV3 prenosi da je Koeman razo\u010daran javnim medijskim istupima Pjani\u0107a, koji je u nekoliko navrata ponovio da je nezadovoljan statusom i malom minuta\u017eom na [&hellip;]<\/p>\n","protected":false},"author":59,"featured_media":25652,"comment_status":"closed","ping_status":"closed","sticky":false,"template":"","format":"standard","meta":{"inline_featured_image":false,"footnotes":""},"categories":[62],"tags":[],"class_list":{"0":"post-25651","1":"post","2":"type-post","3":"status-publish","4":"format-standard","5":"has-post-thumbnail","7":"category-nogomet"},"acf":[],"_links":{"self":[{"href":"https:\/\/tvsensor.com\/api\/wp\/v2\/posts\/25651","targetHints":{"allow":["GET"]}}],"collection":[{"href":"https:\/\/tvsensor.com\/api\/wp\/v2\/posts"}],"about":[{"href":"https:\/\/tvsensor.com\/api\/wp\/v2\/types\/post"}],"author":[{"embeddable":true,"href":"https:\/\/tvsensor.com\/api\/wp\/v2\/users\/59"}],"replies":[{"embeddable":true,"href":"https:\/\/tvsensor.com\/api\/wp\/v2\/comments?post=25651"}],"version-history":[{"count":2,"href":"https:\/\/tvsensor.com\/api\/wp\/v2\/posts\/25651\/revisions"}],"predecessor-version":[{"id":25654,"href":"https:\/\/tvsensor.com\/api\/wp\/v2\/posts\/25651\/revisions\/25654"}],"wp:featuredmedia":[{"embeddable":true,"href":"https:\/\/tvsensor.com\/api\/wp\/v2\/media\/25652"}],"wp:attachment":[{"href":"https:\/\/tvsensor.com\/api\/wp\/v2\/media?parent=25651"}],"wp:term":[{"taxonomy":"category","embeddable":true,"href":"https:\/\/tvsensor.com\/api\/wp\/v2\/categories?post=25651"},{"taxonomy":"post_tag","embeddable":true,"href":"https:\/\/tvsensor.com\/api\/wp\/v2\/tags?post=25651"}],"curies":[{"name":"wp","href":"https:\/\/api.w.org\/{rel}","templated":true}]}}