{"id":25637,"date":"2021-03-24T09:45:59","date_gmt":"2021-03-24T08:45:59","guid":{"rendered":"https:\/\/senzor.ba\/?p=25637"},"modified":"2024-01-15T21:39:14","modified_gmt":"2024-01-15T20:39:14","slug":"srednjoskolac-jusuf-uzgaja-perad-i-ovce-san-mu-je-da-ima-svoju-farmu","status":"publish","type":"post","link":"https:\/\/tvsensor.com\/clanak\/srednjoskolac-jusuf-uzgaja-perad-i-ovce-san-mu-je-da-ima-svoju-farmu\/","title":{"rendered":"Srednjo\u0161kolac Jusuf uzgaja perad i ovce: San mu je da ima svoju farmu"},"content":{"rendered":"\n<p><strong>Jusuf Ma\u0161i\u0107, srednjo\u0161kolac iz sela Ma\u0161i\u0107i, nadomak Novog Gora\u017eda, bavi se poljoprivredom, uzgaja perad, patke i koko\u0161ke.<\/strong><\/p>\n\n\n\n<p>Dok njegovi vr\u0161njaci ma\u0161taju o odlasku u grad, on se raduje povratku ku\u0107i iz \u0161kole svojim \u017eivotinjama.<\/p>\n\n\n\n<p>Ka\u017ee kako nema puno vremena za igru, a sve slobodno vrijeme posvetio je uzgoju peradi, a po\u010deo je da nabavlja i ovce.<\/p>\n\n\n\n<p>&#8211; Idem u Srednju stru\u010dnu \u0161kolu D\u017eemal Bijedi\u0107. Moji roditelji imaju plastenik, siju njive, a ja brinem o koko\u0161kama, prodajem jaja \u2013 navodi Jusuf.<\/p>\n\n\n\n<p>Ka\u017ee da osim \u0161to mu je to zanimacija, uspije da zaradi i pokoju marku, pa uvijek ima sebi za d\u017eeparac ali i da pomogne roditeljima.<\/p>\n\n\n\n<p>&#8211; Dosta \u0161tete mi nanesu psi lutalice, ali ja polahko nabavljam nove koko\u0161ke, a nedavno sam ostao i bez patka \u2013 pri\u010da Jusuf za\u00a0<a href=\"https:\/\/faktor.ba\/vijest\/srednjoskolac-jusuf-masic-nakon-nastave-zaraduje-za-dzeparac-zelim-da-imam-svoju-farmu\/119313\" target=\"_blank\" rel=\"noreferrer noopener\">Faktor.<\/a><\/p>\n\n\n\n<figure class=\"wp-block-image\"><img decoding=\"async\" src=\"https:\/\/static.hayat.ba\/2021\/03\/ovce-jusuf-masic.jpg\" alt=\"\" class=\"wp-image-377185\"\/><\/figure>\n\n\n\n<p>Isti\u010de kako je inkubator posu\u0111ivao od kom\u0161ije, a sada je nabavio i svoj, ve\u0107i.<\/p>\n\n\n\n<p>&#8211; Djeca iz grada ne znaju ni \u0161ta je koko\u0161ka, neki ih vide samo na TV-u ili u knjigama, a ja bih volio da napravim otvoreni zoolo\u0161ki vrt, te da imam svoju farmu. Da privu\u010dem ljude na selo \u2013 ka\u017ee Jusuf, te dodaje kako posla ima ako neko ho\u0107e da radi.<\/p>\n\n\n\n<p>Isti\u010de kako je predavao za razne podsticaje od nadle\u017enih institucija ali da nije dobio pozitivan odgovor, te da bi mu svaka pomo\u0107 dobrodo\u0161la kako bi ostavrio svoje \u017eelje.<\/p>\n\n\n\n<p>&#8211; Neki moji vr\u0161njaci misle da je zanimljivo to \u010dime se bavim, neke to i ne zanima. Ko ho\u0107e da ostane u BiH treba i da radi, a misle ljudi da je najlak\u0161e oti\u0107i i da je tamo negdje lak\u0161e, a sve ima svoje prednosti i mane. Molio bih mlade ljude koji imaju uslove da ostanu u na\u0161oj domovini, ima ova zemlja toliko toga ali mi ne znamo da to koristimo \u2013 ka\u017ee Jusuf.<\/p>\n\n\n\n<p>Ka\u017ee da zna kako ima puno ljudi koji bi mu mogli pru\u017eiti podr\u0161ku da ostvari svoje ciljeve te ih poziva da mu se jave na broj 0603156303 i da ga posjete u njegovim Ma\u0161i\u0107ima.<\/p>\n","protected":false},"excerpt":{"rendered":"<p>Jusuf Ma\u0161i\u0107, srednjo\u0161kolac iz sela Ma\u0161i\u0107i, nadomak Novog Gora\u017eda, bavi se poljoprivredom, uzgaja perad, patke i koko\u0161ke. Dok njegovi vr\u0161njaci ma\u0161taju o odlasku u grad, on se raduje povratku ku\u0107i iz \u0161kole svojim \u017eivotinjama. Ka\u017ee kako nema puno vremena za igru, a sve slobodno vrijeme posvetio je uzgoju peradi, a po\u010deo je da nabavlja i [&hellip;]<\/p>\n","protected":false},"author":59,"featured_media":25638,"comment_status":"closed","ping_status":"closed","sticky":false,"template":"","format":"standard","meta":{"inline_featured_image":false,"footnotes":""},"categories":[44],"tags":[],"class_list":{"0":"post-25637","1":"post","2":"type-post","3":"status-publish","4":"format-standard","5":"has-post-thumbnail","7":"category-poljoprivreda"},"acf":[],"_links":{"self":[{"href":"https:\/\/tvsensor.com\/api\/wp\/v2\/posts\/25637","targetHints":{"allow":["GET"]}}],"collection":[{"href":"https:\/\/tvsensor.com\/api\/wp\/v2\/posts"}],"about":[{"href":"https:\/\/tvsensor.com\/api\/wp\/v2\/types\/post"}],"author":[{"embeddable":true,"href":"https:\/\/tvsensor.com\/api\/wp\/v2\/users\/59"}],"replies":[{"embeddable":true,"href":"https:\/\/tvsensor.com\/api\/wp\/v2\/comments?post=25637"}],"version-history":[{"count":1,"href":"https:\/\/tvsensor.com\/api\/wp\/v2\/posts\/25637\/revisions"}],"predecessor-version":[{"id":25639,"href":"https:\/\/tvsensor.com\/api\/wp\/v2\/posts\/25637\/revisions\/25639"}],"wp:featuredmedia":[{"embeddable":true,"href":"https:\/\/tvsensor.com\/api\/wp\/v2\/media\/25638"}],"wp:attachment":[{"href":"https:\/\/tvsensor.com\/api\/wp\/v2\/media?parent=25637"}],"wp:term":[{"taxonomy":"category","embeddable":true,"href":"https:\/\/tvsensor.com\/api\/wp\/v2\/categories?post=25637"},{"taxonomy":"post_tag","embeddable":true,"href":"https:\/\/tvsensor.com\/api\/wp\/v2\/tags?post=25637"}],"curies":[{"name":"wp","href":"https:\/\/api.w.org\/{rel}","templated":true}]}}