{"id":25634,"date":"2021-03-24T09:43:03","date_gmt":"2021-03-24T08:43:03","guid":{"rendered":"https:\/\/senzor.ba\/?p=25634"},"modified":"2024-01-15T21:39:14","modified_gmt":"2024-01-15T20:39:14","slug":"poljoprivrednici-najavili-povecanje-cijena-voca-i-povrca-na-bh-trzistu","status":"publish","type":"post","link":"https:\/\/tvsensor.com\/clanak\/poljoprivrednici-najavili-povecanje-cijena-voca-i-povrca-na-bh-trzistu\/","title":{"rendered":"Poljoprivrednici najavili pove\u0107anje cijena vo\u0107a i povr\u0107a na bh. tr\u017ei\u0161tu"},"content":{"rendered":"\n<p><strong>Tuzlanski kanton kao najpotentnija poljoprivredna regija u na\u0161oj zemlji ima veliku zastupljenost na bh. tr\u017ei\u0161tu, a odluka tamo\u0161nje vlasti o smanjenju podsticaja dovest \u0107e do pove\u0107anja cijena doma\u0107ih proizvoda u proljetnom i ljetnom periodu.<\/strong><\/p>\n\n\n\n<p>Portal Klix.ba prije nekoliko dana je objavio istra\u017eivanje o vrtoglavom pove\u0107anju cijena osnovnih \u017eivotnih namirnica u Bosni i Hercegovini. Na\u017ealost, ovaj trend bi se mogao preliti i na tuzlansko svje\u017ee povr\u0107e i vo\u0107e, \u010dije se poskupljenje najavljuje u proljetnoj i ljetnoj sezoni, zbog poteza tamo\u0161nje vlasti.<\/p>\n\n\n\n<p>Naime, vlast u Tuzlanskom kantonu odlu\u010dila je podsticaje za poljoprivrednu proizvodnju smanjiti za \u010dak dva i po miliona konvertibilnih maraka u odnosu na prethodnu godinu, \u0161to \u0107e se negativno odraziti na proljetni i ljetni period.<\/p>\n\n\n\n<p>Shodno manjem izdvajanju javnog novca, iz Udru\u017eenja poljoprivrednika Tuzlanskog kantona najavljuju umanjenje zasada, ali i pove\u0107anje cijena proizvoda koji se uzgajaju u plastencima, ali i otvorenim obradivim povr\u0161inama.<\/p>\n\n\n\n<p>&#8211; Ove godine je bila planirana velika proizvodnja, prvenstveno povr\u0107a, ali do toga sigurno ne\u0107e do\u0107i zbog novonastale situacije. Poljoprivrednici su s razlogom zabrinuti jer smo o\u010dekivali da \u0107e podsticaji biti znatno ve\u0107i, a od vlasti nas je do\u010dekalo sasvim suprotno. Sada o\u010dekujemo da \u0107emo zbog nepovoljne situacije imati i odustajanje od proizvodnje\u201d, ka\u017ee za Klix.ba sekretar Udru\u017eenja poljoprivrednika Tuzlanskog kantona Enes Hasanovi\u0107.<\/p>\n\n\n\n<p>Suprotno podsticajima, Vlada Tuzlanskog kantona ove godine je planirala za tri posto ve\u0107u proljetnu sjetvu nego pro\u0161le godine, \u0161to je okvirno 73 miliona maraka. Me\u0111utim, prognoze poljoprivrednika su sasvim suprotne.<\/p>\n\n\n\n<p>&#8211; Pove\u0107anja proljetne sjetve zasigurno ne\u0107e biti, ve\u0107 \u0107e nam se dogoditi upravo njeno smanjenje. Uz to \u0107e sigurno biti pove\u0107anje cijena proizvoda, odnosno vo\u0107a i povr\u0107a. Postajemo prepu\u0161teni sami sebi, regresiranje goriva, sjemena i \u0111ubriva ne postoji i zbog toga \u0107emo idu\u0107e sedmice odr\u017eati sastanak na kojem planiramo najaviti svoju borbu u Tuzlanskom kantonu\u201d, dodao je Hasanovi\u0107.<\/p>\n\n\n\n<p>Odluka o smanjenju podsticaja ove godine posebno poga\u0111a plasteni\u010dku proizvodnju, koja je u velikoj mjeri zastupljena u Tuzlanskom kantonu. Zbog ranije zagarantovane proizvodnje, uzgajiva\u010di ove vrste jagoda za predstoje\u0107e tri sezone svu svoju snagu i sredstva su usmjerili u razvoj, ali to \u0107e sada biti obustavljeno.<\/p>\n\n\n\n<p>&#8211; Sve ono \u0161to smo radili protekle dvije ili tri godine sada nam pada u vodu jer poljoprivrednici u velikoj mjeri zavise od podsticaja. Bojim se da \u0107emo izgubiti nekoliko narednih godina jer se ne\u0107emo razvijati, \u0161to sa sobom vu\u010de pove\u0107anje cijena proizvoda. Ponuda \u0107e biti manja, a potra\u017enja ve\u0107a, \u0161to nije dobro zbog kupovne mo\u0107i gra\u0111ana\u201d, navodi Mustafa Me\u0161kovi\u0107, predsjednik Grupacije proizvo\u0111a\u010da jagoda u Tuzlanskom kantonu.<\/p>\n\n\n\n<p>U vremenu naru\u0161enih ekonomskih prilika, uzgajiva\u010di vo\u0107a i povr\u0107a smatraju da je poljoprivredna politika vlasti ove godine trebala biti obrnuta, odnosno u smjeru pove\u0107anja podsticaja, \u0161to u Tuzlanskom kantonu nije slu\u010daj.<\/p>\n\n\n\n<p>&#8211; Problem je i \u0161to je cijena repromaterijala ove godine porasla izme\u0111u 15 i 40 posto, \u0161to nije malo. Poljoprivredni proizvo\u0111a\u010di, posebno oni u plasteni\u010dkoj proizvodnji ne\u0107e mo\u0107i opstati, ako se ovakvi trendovi budu nastavili, a i izvoz \u0107e biti ugro\u017een jer da biste plasirali svoje proizvode na druga tr\u017ei\u0161ta morate ispuniti gro uslova\u201d, upozorava Me\u0161kovi\u0107.<\/p>\n\n\n\n<p>Poljoprivrednici, tako\u0111er upozoravaju da \u0107e sve navedeno direktno utjecati i na pove\u0107anje cijena svih prehrambenih proizvoda u Bosni i Hercegovini, \u0161to je posebno pora\u017eavaju\u0107e u periodu pandemije koronavirusa, koja je dovela i do pada kupovne mo\u0107i gra\u0111ana.<\/p>\n","protected":false},"excerpt":{"rendered":"<p>Tuzlanski kanton kao najpotentnija poljoprivredna regija u na\u0161oj zemlji ima veliku zastupljenost na bh. tr\u017ei\u0161tu, a odluka tamo\u0161nje vlasti o smanjenju podsticaja dovest \u0107e do pove\u0107anja cijena doma\u0107ih proizvoda u proljetnom i ljetnom periodu. Portal Klix.ba prije nekoliko dana je objavio istra\u017eivanje o vrtoglavom pove\u0107anju cijena osnovnih \u017eivotnih namirnica u Bosni i Hercegovini. Na\u017ealost, ovaj [&hellip;]<\/p>\n","protected":false},"author":59,"featured_media":25635,"comment_status":"closed","ping_status":"closed","sticky":false,"template":"","format":"standard","meta":{"inline_featured_image":false,"footnotes":""},"categories":[44],"tags":[],"class_list":{"0":"post-25634","1":"post","2":"type-post","3":"status-publish","4":"format-standard","5":"has-post-thumbnail","7":"category-poljoprivreda"},"acf":[],"_links":{"self":[{"href":"https:\/\/tvsensor.com\/api\/wp\/v2\/posts\/25634","targetHints":{"allow":["GET"]}}],"collection":[{"href":"https:\/\/tvsensor.com\/api\/wp\/v2\/posts"}],"about":[{"href":"https:\/\/tvsensor.com\/api\/wp\/v2\/types\/post"}],"author":[{"embeddable":true,"href":"https:\/\/tvsensor.com\/api\/wp\/v2\/users\/59"}],"replies":[{"embeddable":true,"href":"https:\/\/tvsensor.com\/api\/wp\/v2\/comments?post=25634"}],"version-history":[{"count":1,"href":"https:\/\/tvsensor.com\/api\/wp\/v2\/posts\/25634\/revisions"}],"predecessor-version":[{"id":25636,"href":"https:\/\/tvsensor.com\/api\/wp\/v2\/posts\/25634\/revisions\/25636"}],"wp:featuredmedia":[{"embeddable":true,"href":"https:\/\/tvsensor.com\/api\/wp\/v2\/media\/25635"}],"wp:attachment":[{"href":"https:\/\/tvsensor.com\/api\/wp\/v2\/media?parent=25634"}],"wp:term":[{"taxonomy":"category","embeddable":true,"href":"https:\/\/tvsensor.com\/api\/wp\/v2\/categories?post=25634"},{"taxonomy":"post_tag","embeddable":true,"href":"https:\/\/tvsensor.com\/api\/wp\/v2\/tags?post=25634"}],"curies":[{"name":"wp","href":"https:\/\/api.w.org\/{rel}","templated":true}]}}