{"id":25631,"date":"2021-03-24T09:36:20","date_gmt":"2021-03-24T08:36:20","guid":{"rendered":"https:\/\/senzor.ba\/?p=25631"},"modified":"2024-01-15T21:39:14","modified_gmt":"2024-01-15T20:39:14","slug":"poklanja-svoje-auto-gradskoj-upravi-da-ne-bi-kupovali-novi-nemojte-nas-tjerati-u-dijasporu","status":"publish","type":"post","link":"https:\/\/tvsensor.com\/clanak\/poklanja-svoje-auto-gradskoj-upravi-da-ne-bi-kupovali-novi-nemojte-nas-tjerati-u-dijasporu\/","title":{"rendered":"Poklanja svoje auto Gradskoj upravi da ne bi kupovali novi: &#8220;Nemojte nas tjerati u dijasporu&#8221;"},"content":{"rendered":"\n<p><strong>Na sjednici Gradskog vije\u0107a Grada Grada\u010dac usvojen je bud\u017eet za ovu godinu, a vije\u0107nici nisu prihvatili amandman kolegice Raseme Novali\u0107 da se novac namijenjen kupovini slu\u017ebenog vozila preusmjeri u subvencioniranje lijeka za trudnice.<\/strong><\/p>\n\n\n\n<p>U pitanju je iznos od 40.000 KM, a ovaj amandman podr\u017ealo je osam od 30 vije\u0107nika, pi\u0161e Grada\u010da\u010dki glas.<\/p>\n\n\n\n<p>Ogor\u010den zbog ove odluke, Mustafa Sinanovi\u0107 iz Grada\u010dca oglasio se na Facebooku i Gradskoj upravi ponudio svoj automobil &#8220;passat&#8221; da ne kupuju novi.<\/p>\n\n\n\n<p>&#8211; Potresen odlukom Gradskog vije\u0107a \u017eelim da poka\u017eem solidarnost svim trudnicama i zahvaliti se doktorici Rasemi Novali\u0107 na inicijativi i svima onima koji su je podr\u017eali. Ja, Mustafa Sinanovi\u0107,iz Kerepa poklanjam svoje polovno auto Gradskoj upravi, da isti ne uzimaju auto, a novac od kupovine usmjere na inicijativu doktorice Raseme Novali\u0107.<\/p>\n\n\n\n<p>Moja porodica Sinanovi\u0107 je dobro poznata po velikodu\u0161nosti. Moj babo Osman Sinanovi\u0107 je bio borac od prvog do zadnjeg dana. Moj brat,Sifet Sinanovi\u0107 je ostavio glavu pod \u010duvenom jabukom na Po\u017earikama, metkom u glavu. Mi smo se ugradili u temelje ove dr\u017eave!!!! NEMOJTE NAS TJERATI U DIJASPORU! &#8211; napisao je Mustafa Sinanovi\u0107.<\/p>\n\n\n\n<html>\n  <title>My Website<\/title>\n<body>\n  <script async defer src=\"https:\/\/connect.facebook.net\/en_US\/sdk.js#xfbml=1&#038;version=v3.2\"><\/script>  \n  <div class=\"fb-post\" \n      data-href=\"https:\/\/www.facebook.com\/mustafanermina.sinanovic\/posts\/1779064842253731\/\"\n      data-width=\"500\"><\/div>\n<\/body>\n<\/html>\n","protected":false},"excerpt":{"rendered":"<p>Na sjednici Gradskog vije\u0107a Grada Grada\u010dac usvojen je bud\u017eet za ovu godinu, a vije\u0107nici nisu prihvatili amandman kolegice Raseme Novali\u0107 da se novac namijenjen kupovini slu\u017ebenog vozila preusmjeri u subvencioniranje lijeka za trudnice. U pitanju je iznos od 40.000 KM, a ovaj amandman podr\u017ealo je osam od 30 vije\u0107nika, pi\u0161e Grada\u010da\u010dki glas. Ogor\u010den zbog ove [&hellip;]<\/p>\n","protected":false},"author":59,"featured_media":25632,"comment_status":"closed","ping_status":"closed","sticky":false,"template":"","format":"standard","meta":{"inline_featured_image":false,"footnotes":""},"categories":[38],"tags":[],"class_list":{"0":"post-25631","1":"post","2":"type-post","3":"status-publish","4":"format-standard","5":"has-post-thumbnail","7":"category-vijesti-iz-bih"},"acf":[],"_links":{"self":[{"href":"https:\/\/tvsensor.com\/api\/wp\/v2\/posts\/25631","targetHints":{"allow":["GET"]}}],"collection":[{"href":"https:\/\/tvsensor.com\/api\/wp\/v2\/posts"}],"about":[{"href":"https:\/\/tvsensor.com\/api\/wp\/v2\/types\/post"}],"author":[{"embeddable":true,"href":"https:\/\/tvsensor.com\/api\/wp\/v2\/users\/59"}],"replies":[{"embeddable":true,"href":"https:\/\/tvsensor.com\/api\/wp\/v2\/comments?post=25631"}],"version-history":[{"count":1,"href":"https:\/\/tvsensor.com\/api\/wp\/v2\/posts\/25631\/revisions"}],"predecessor-version":[{"id":25633,"href":"https:\/\/tvsensor.com\/api\/wp\/v2\/posts\/25631\/revisions\/25633"}],"wp:featuredmedia":[{"embeddable":true,"href":"https:\/\/tvsensor.com\/api\/wp\/v2\/media\/25632"}],"wp:attachment":[{"href":"https:\/\/tvsensor.com\/api\/wp\/v2\/media?parent=25631"}],"wp:term":[{"taxonomy":"category","embeddable":true,"href":"https:\/\/tvsensor.com\/api\/wp\/v2\/categories?post=25631"},{"taxonomy":"post_tag","embeddable":true,"href":"https:\/\/tvsensor.com\/api\/wp\/v2\/tags?post=25631"}],"curies":[{"name":"wp","href":"https:\/\/api.w.org\/{rel}","templated":true}]}}