{"id":25622,"date":"2021-03-23T19:22:16","date_gmt":"2021-03-23T18:22:16","guid":{"rendered":"https:\/\/senzor.ba\/?p=25622"},"modified":"2024-01-15T21:39:15","modified_gmt":"2024-01-15T20:39:15","slug":"univerzitet-u-zagrebu-ne-moze-nositi-ime-po-vodji-uzp-franji-tudjmanu","status":"publish","type":"post","link":"https:\/\/tvsensor.com\/clanak\/univerzitet-u-zagrebu-ne-moze-nositi-ime-po-vodji-uzp-franji-tudjmanu\/","title":{"rendered":"Univerzitet u Zagrebu ne mo\u017ee nositi ime po vo\u0111i UZP- Franji Tu\u0111manu"},"content":{"rendered":"\n<p>Saborska zastupnica Katarina Peovi\u0107 (RF) u utorak je izazvala niz reakcija, zahtjeva za stankom i opomene pitanjem vezanim uz namjeru da se Sveu\u010dili\u0161te obrane i sigurnosti nazove po prvom hrvatskom predsjedniku Franji Tu\u0111manu.<\/p>\n\n\n\n<p>Jeste li upoznati s presudom Ha\u0161kog suda Prli\u0107 i drugi, i smatrate li da je taj Sud relevantna institucija, upitala je zastupnica ministra obrane Marija Bano\u017ei\u0107a koji je Hrvatskom saboru predstavio zakonski prijedlog o osnivanju Sveu\u010dili\u0161ta obrane i sigurnosti (SOS).<br><br>Peovi\u0107 je jesenas, na prvom \u010ditanju istog zakona, ministra pitala smatra li prikladnim da to sveu\u010dili\u0161te nosi ime prvog hrvatskog predsjednika, \u201es obzirom da je Ha\u0161ki sud utvrdio da je sudjelovalo u udru\u017eenom zlo\u010dina\u010dkom pothvatu\u201c.<br><br>Na njen su istup o\u0161tro reagirali HDZ-ovi zastupnici koji su pozdravili odluku da se Sveu\u010dili\u0161te nazove po Franji Tu\u0111manu.<br><br>\u201eNama u HDZ-u je neprihvatljivo da ideolo\u0161ki&nbsp; i svjetonazorski nasljednici Saveza komunista dociraju svim zastupnicima o radu i djelu dr. Tu\u0111mana. Neto\u010dno je da ga je Haa\u0161ki sud proglasio zlo\u010dincem, nije ga proglasio sudionikom ili organizatorom UZP-a\u201c, uzvratio je Branko Ba\u010di\u0107 (HDZ).<br><br>Tvrditi to je najgora mogu\u0107a kleveta, ovakva izjava zaslu\u017euje opomenu, rekao je Ba\u010di\u0107 predsjedniku Sabora Gordanu Jandrokovi\u0107u, prenosi Hina.<br><br>Jandrokovi\u0107 je, me\u0111utim, ponovio stajali\u0161te koje je iznio i jesenas kad se povela sli\u010dna rasprava.<br><br>\u201eMoj stav je bio isti \u2013&nbsp; zastupnike biraju gra\u0111ani, koliko god mi njihovi stavovi bili neprihvatljivi, s njima se ne slagao, oni izgovaraju takve stvari, jer su ih gra\u0111ani izabrali. I kad se ne sla\u017eem, kad tezu smatram neistinitom i neprihvatljivom, ne dajem opomene\u201c, kazao je.<br><br>Peovi\u0107 je uzvratila da ju je Ba\u010di\u0107 vrije\u0111ao i da je izrekao neistine. Moja stranka nije nasljednica Saveza komunista, za razliku od mnogih HDZ-ovaca koji su bili u SK, poru\u010dila je.<br><br>Marijana Petir (NZ) istaknula je da Peovi\u0107 iznosi stvari koje, ne samo da nisu istinite, nego su i protuustavne. Ovako komunicirati i optu\u017eivati Tu\u0111mana za zlo\u010dina\u010dki poduhvat je kr\u0161enje ustavnih odredbi, kazala je.<br><br>Peovi\u0107 je odgovorila da nije davala ocjenu uloge Franje Tu\u0111mana u ratu u Bosni i Hercegovini, nego doslovno citirala presudu Ha\u0161kog suda. \u201ePonavlja se ista situacija iz rujna, potvr\u0111uje teza da se ovdje o nekim stvarima ne smije govoriti\u201c, kazala je, pa zaradila opomenu.<\/p>\n","protected":false},"excerpt":{"rendered":"<p>Saborska zastupnica Katarina Peovi\u0107 (RF) u utorak je izazvala niz reakcija, zahtjeva za stankom i opomene pitanjem vezanim uz namjeru da se Sveu\u010dili\u0161te obrane i sigurnosti nazove po prvom hrvatskom predsjedniku Franji Tu\u0111manu. Jeste li upoznati s presudom Ha\u0161kog suda Prli\u0107 i drugi, i smatrate li da je taj Sud relevantna institucija, upitala je zastupnica [&hellip;]<\/p>\n","protected":false},"author":59,"featured_media":25623,"comment_status":"closed","ping_status":"closed","sticky":false,"template":"","format":"standard","meta":{"inline_featured_image":false,"footnotes":""},"categories":[40],"tags":[],"class_list":{"0":"post-25622","1":"post","2":"type-post","3":"status-publish","4":"format-standard","5":"has-post-thumbnail","7":"category-region"},"acf":[],"_links":{"self":[{"href":"https:\/\/tvsensor.com\/api\/wp\/v2\/posts\/25622","targetHints":{"allow":["GET"]}}],"collection":[{"href":"https:\/\/tvsensor.com\/api\/wp\/v2\/posts"}],"about":[{"href":"https:\/\/tvsensor.com\/api\/wp\/v2\/types\/post"}],"author":[{"embeddable":true,"href":"https:\/\/tvsensor.com\/api\/wp\/v2\/users\/59"}],"replies":[{"embeddable":true,"href":"https:\/\/tvsensor.com\/api\/wp\/v2\/comments?post=25622"}],"version-history":[{"count":1,"href":"https:\/\/tvsensor.com\/api\/wp\/v2\/posts\/25622\/revisions"}],"predecessor-version":[{"id":25624,"href":"https:\/\/tvsensor.com\/api\/wp\/v2\/posts\/25622\/revisions\/25624"}],"wp:featuredmedia":[{"embeddable":true,"href":"https:\/\/tvsensor.com\/api\/wp\/v2\/media\/25623"}],"wp:attachment":[{"href":"https:\/\/tvsensor.com\/api\/wp\/v2\/media?parent=25622"}],"wp:term":[{"taxonomy":"category","embeddable":true,"href":"https:\/\/tvsensor.com\/api\/wp\/v2\/categories?post=25622"},{"taxonomy":"post_tag","embeddable":true,"href":"https:\/\/tvsensor.com\/api\/wp\/v2\/tags?post=25622"}],"curies":[{"name":"wp","href":"https:\/\/api.w.org\/{rel}","templated":true}]}}