{"id":25607,"date":"2021-03-23T16:27:04","date_gmt":"2021-03-23T15:27:04","guid":{"rendered":"https:\/\/senzor.ba\/?p=25607"},"modified":"2024-01-15T21:39:15","modified_gmt":"2024-01-15T20:39:15","slug":"spanija-i-bih-jacaju-saradnju-u-razvoju-obnovljivih-izvora-energije","status":"publish","type":"post","link":"https:\/\/tvsensor.com\/clanak\/spanija-i-bih-jacaju-saradnju-u-razvoju-obnovljivih-izvora-energije\/","title":{"rendered":"\u0160panija i BiH ja\u010daju saradnju u razvoju obnovljivih izvora energije"},"content":{"rendered":"\n<p>Ekonomski i komercijalni ured ambasade \u0160panije u BiH i Ministarstvo vanjske trgovine i ekonomskih odnosa Bosne i Hercegovine danas su organizovali virtualnu radionicu o obnovljivim izvorima energije. Radionica je imala podr\u0161ku Vanjskotrgovinske komore BiH, kao i privrednih komora Federacije Bosne i Hercegovine i Republike Srpske, prenosi Anadolu Agency (AA).<\/p>\n\n\n\n<p>\u0160panski ambasador u BiH Jose Maria Valdemoro otvorio je sastanak spominju\u0107i dobre bilateralne odnose, kako politi\u010dke, tako i ekonomske, izme\u0111u dvije dr\u017eave.<\/p>\n\n\n\n<p>Valdemoro je istakao kapacitet i iskustvo \u0160panije u razvoju obnovljivih izvora energije, \u0161to je pokazalo da vi\u0161e od 10 posto instaliranog kapaciteta vjetra u svijetu pripada \u0161panskim kompanijama, a 12 posto vjetroturbina i komponenata proizvedenih u svijetu imaju porijeklo iz \u0160panije, a tome se dodaje posljednjih godina brzi razvoj projekata solarne energije.<\/p>\n\n\n\n<p>Ekonomski i komercijalni ata\u0161e ambasade \u0160panije ukazao je na potrebu rada na tri aspekta kako bi se postigao adekvatan razvoj sektora u bilo kojoj zemlji, a to su: finansiranje, tehni\u010dki kapaciteti i prije svega adekvatan regulatorni okvir.<\/p>\n\n\n\n<p>Predstavnici Ministarstva vanjske trgovine i ekonomskih odnosa BiH, kao i resornih ministarstava energetike FBiH i RS, predstavili su bosanskohercegova\u010dkim i \u0161panskim kompanijama u\u010desnicama planove, projekte i regulatorni okvir.<\/p>\n\n\n\n<p>Agencija za promociju investicija Bosne i Hercegovine je predstavila okvir i mogu\u0107nosti za strana ulaganja u ovaj sektor.<\/p>\n\n\n\n<p>Sa \u0161panske strane u\u010destvovale su kompanije razli\u010ditih profila: Acciona, Alusin Solar, Ecoener, GranSolar, Siemens-Gamesa i Unex. Neki su ve\u0107 prisutni u BiH, dok su drugi iskoristili sastanak za uspostavljanje prvih kontakata na on-line B2B sastancima organizovanim sa bh. kompanijama i institucijama, istakli su na kraju iz Vanjskotrgovinske komore BiH.<\/p>\n","protected":false},"excerpt":{"rendered":"<p>Ekonomski i komercijalni ured ambasade \u0160panije u BiH i Ministarstvo vanjske trgovine i ekonomskih odnosa Bosne i Hercegovine danas su organizovali virtualnu radionicu o obnovljivim izvorima energije. Radionica je imala podr\u0161ku Vanjskotrgovinske komore BiH, kao i privrednih komora Federacije Bosne i Hercegovine i Republike Srpske, prenosi Anadolu Agency (AA). \u0160panski ambasador u BiH Jose Maria [&hellip;]<\/p>\n","protected":false},"author":59,"featured_media":25608,"comment_status":"closed","ping_status":"closed","sticky":false,"template":"","format":"standard","meta":{"inline_featured_image":false,"footnotes":""},"categories":[43,42],"tags":[],"class_list":{"0":"post-25607","1":"post","2":"type-post","3":"status-publish","4":"format-standard","5":"has-post-thumbnail","7":"category-bih","8":"category-ekonomija"},"acf":[],"_links":{"self":[{"href":"https:\/\/tvsensor.com\/api\/wp\/v2\/posts\/25607","targetHints":{"allow":["GET"]}}],"collection":[{"href":"https:\/\/tvsensor.com\/api\/wp\/v2\/posts"}],"about":[{"href":"https:\/\/tvsensor.com\/api\/wp\/v2\/types\/post"}],"author":[{"embeddable":true,"href":"https:\/\/tvsensor.com\/api\/wp\/v2\/users\/59"}],"replies":[{"embeddable":true,"href":"https:\/\/tvsensor.com\/api\/wp\/v2\/comments?post=25607"}],"version-history":[{"count":1,"href":"https:\/\/tvsensor.com\/api\/wp\/v2\/posts\/25607\/revisions"}],"predecessor-version":[{"id":25609,"href":"https:\/\/tvsensor.com\/api\/wp\/v2\/posts\/25607\/revisions\/25609"}],"wp:featuredmedia":[{"embeddable":true,"href":"https:\/\/tvsensor.com\/api\/wp\/v2\/media\/25608"}],"wp:attachment":[{"href":"https:\/\/tvsensor.com\/api\/wp\/v2\/media?parent=25607"}],"wp:term":[{"taxonomy":"category","embeddable":true,"href":"https:\/\/tvsensor.com\/api\/wp\/v2\/categories?post=25607"},{"taxonomy":"post_tag","embeddable":true,"href":"https:\/\/tvsensor.com\/api\/wp\/v2\/tags?post=25607"}],"curies":[{"name":"wp","href":"https:\/\/api.w.org\/{rel}","templated":true}]}}