{"id":25604,"date":"2021-03-23T09:54:35","date_gmt":"2021-03-23T08:54:35","guid":{"rendered":"https:\/\/senzor.ba\/?p=25604"},"modified":"2024-01-15T21:39:16","modified_gmt":"2024-01-15T20:39:16","slug":"albin-kurti-novi-premijer-kosova","status":"publish","type":"post","link":"https:\/\/tvsensor.com\/clanak\/albin-kurti-novi-premijer-kosova\/","title":{"rendered":"Albin Kurti novi premijer Kosova"},"content":{"rendered":"\n<p><em>Za novu Vladu Kosova glasalo je 67 poslanika, 30 ih je bilo protiv, a nije bilo suzdr\u017eanih<\/em><br><\/p>\n\n\n\n<h6 class=\"wp-block-heading\" id=\"h-pri-tina\">Pri\u0161tina<\/h6>\n\n\n\n<p>Na vanrednoj sednici Skup\u0161tine Kosova danas je izabrana nova Vlada Kosova na \u010delu sa premijerom Albinom Kurtijem, liderom Pokreta \u201cSamoopredeljenje\u201d, javlja Anadolu Agency (AA).<\/p>\n\n\n\n<p>Za novu Vladu glasalo je 67 poslanika, 30 ih je bilo protiv, a nije bilo suzdr\u017eanih. Za izbor Vlade bila je dovoljna prosta ve\u0107ina ili 61 glas od 120 poslanika.<\/p>\n\n\n\n<p>Vanredna sednica je sazvana na zahtev 52 poslanika, nakon \u0161to je vr\u0161ilac du\u017enosti predsednika Kosova i novi predsednik Skup\u0161tine Kosova Glauk Konjufca imenovao Kurtija za mandatara na predlog Pokreta Samoopredeljenje, koji ima 58 poslanika.<\/p>\n\n\n\n<p>Kurti je na po\u010detku sednice izneo premijerski ekspoze kojim je naveo glavne ciljeve njegove Vlade. On je kazao da pandemija ostaje glavni izazov, te da \u0107e se zapo\u010deti sa planom smanjenja slu\u010dajeva zaraze koronavirusom i obezbe\u0111ivanja vakcina za 60 procenata stanovni\u0161tva.<\/p>\n\n\n\n<p>Kurti je rekao da \u0107e nova Vlada nastaviti proces provere rada pravosudnog sistema, koji je zapo\u010det pro\u0161le godine kada je on tako\u0111e bio premijer.<\/p>\n\n\n\n<p>Dalje je naveo da \u0107e napraviti reforme u obrazovnom sistemu, pretvaraju\u0107i \u0161kole u \u200b\u200bmesta na kojima se pojavljuju nau\u010dnici. Obe\u0107ao je da \u0107e vratiti dostojanstvo nastavnom osoblju.<\/p>\n\n\n\n<p>Mandatar je izjavio i da bez priznavanja stvarnosti nezavisnog Kosova i prihvatanja istine od strane Srbije ne mo\u017ee biti normalizacije odnosa izme\u0111u dva naroda i dve zemlje.<\/p>\n\n\n\n<p>Rekao je da Kosovo sa Srbijom ima otvorena pitanja koja treba re\u0161iti dijalogom, ali je dodao da se ne mo\u017ee posti\u0107i napredak ako ne bude napretka u re\u0161avanju sudbine nestalih na Kosovu.<\/p>\n\n\n\n<p>Kazao je da \u0107e sa svim susednim zemljama razvijati dobre odnose, ali na bazi reciprociteta.<\/p>\n\n\n\n<p>Tako\u0111e je kazao da Kosovo vi\u0161e ne\u0107e praviti nikakve kompromise, jer su kako je naveo kompromisi zavr\u0161eni Ahtisarijevim paketom za progla\u0161enje nezavisnosti.<\/p>\n\n\n\n<p>Kurti je rekao da je jasna orijentacija Kosova uz Sjedinjene Ameri\u010dke Dr\u017eave i transatlanske saveznike.<\/p>\n\n\n\n<p>\u201cNeumorno \u0107emo raditi na tome da Kosovo postane deo NATO-a i deo Evropske unije jer delimo zajedni\u010dke vrednosti i ciljeve. Put ka integraciji u EU mo\u017ee biti izazovan, ali nema alternativu za Kosovo. Zapadni Balkan mora biti demokratizovan, pored toga \u0161to treba biti razvijen\u201c, rekao je Kurti.<\/p>\n\n\n\n<p>On je, tako\u0111e, predstavio planove za socijalnu pomo\u0107 porodicama sa decom.<\/p>\n\n\n\n<p>Poslaniki i vr\u0161ilac du\u017enosti predsednika Demokratske partije Kosova Enver Hoxhaj kazao je da njegova partija ne\u0107e glasati za Kurtijevu vladu. On je kritikovao mandatarov ekspoze, uz ocenu da nema nikakvog vladinog programa, ve\u0107 da je izneta lista \u017eelja.<\/p>\n\n\n\n<p>Poslanik i predsednik Demokratskog saveza Kosova Lumir Abdixhiku rekao je da LDK po\u0161tuje volju gra\u0111ana Kosova, ali je podsetio da ne sme biti arogancije jer s druge strane ve\u0107ine od 50 posto, je ostalih 50 posto u Skup\u0161tini.<\/p>\n\n\n\n<p>I drugi poslanici iz opozicionih partija, PDK-a, LDK-a i Alijanse za budu\u0107nost Kosova kritikovali su budu\u0107eg premijera, \u0161to im je vladin program podeljen pet minuta pred po\u010detak vanredne sednice. Ve\u0107ina je naglasila da u programu nema ni\u010deg konkretnog kako \u0107e Vlada re\u0161avati brojne problem u zemlji.<\/p>\n\n\n\n<p>Poslanik Srpske liste Igor Simi\u0107 rekao je da ne podr\u017eavaju Kurtija kao premijera. On je kazao da je prekr\u0161en Ustav Kosova zato \u0161to Srbi nisu dobili dva ministarstva, koliko im pripada na osnovu rezultata izbora od 14. februara. Najavio je \u017ealbu Ustavnom sudu.<\/p>\n\n\n\n<p>Emilija Red\u017eepi je, me\u0111utim kazala da nije ta\u010dno da je prekr\u0161en Ustav, jer u njemu ne pi\u0161e da Srbi moraju imati dva ministarstva.<\/p>\n\n\n\n<p>U Vladi \u0107e biti 15 ministarstava, od kojih \u0107e pet voditi \u017eene, dok \u0107e premijer imati tri zamenika. Prvi zamenik za evropske integracije, razvoj i dijalog Besnik Bislimi, druga zamenica premijera i ministarka inostranih poslova i dijaspore je Donika Gervalla, a tre\u0107a zamenica za prava manjina Emilija Red\u017eepi iz bo\u0161nja\u010dke partije Nova demokratska stranka. Ministar finansija, rada i transfera Hekuran Murati, ministarka pravde Albune Haxhiu, ministar zdravlja Arben Vitia, ministar obrazovanja, nauke, tehnologije i inovacija Arberie Nagavci, ministar kulture, omladine i sporta Hajrullah Ceku, ministar administracije lokalne uprave Elbert Krasniqi iz egip\u0107anske zajednice, ministar \u017eivotne sredine, prostornog planiranja i infrastrukture Liburn Aliu, ministra poljoprivrede Faton Peci, ministar obrazovanja Armend Mehaj, ministar unutra\u0161njih poslova I javne uprave Xhelal Svecla, ministarka industrije, preduzetni\u0161tva I trgovine Rozeta Hajdari, ministar ekonomije Artan Rizvanolli, ministar za zajednice i povratak Goran Raki\u0107 iz Srpske liste, dok je lider Turske demokratske partije Kosova Fitim Damka ministar regionalnog razvoja.<\/p>\n\n\n\n<p>Ranije danas na konstituivnoj sednici osmog saziva Skup\u0161tine Kosova, izabranog na prevremenim parlamentarnim izborima odr\u017eanim 14. februara, poslanici su za predsednika Skup\u0161tine izabraliGlauka Konjufcu iz pobedni\u010dkog Pokreta Samoopredeljenje.<\/p>\n\n\n\n<p>Pokret Samoopredeljenje ima 58 od 120 poslanika i to je najbrojnija poslani\u010dka grupa u Skup\u0161tini Kosova. Druga po veli\u010dini sa 19 poslanika je Demokratska partija Kosova, dok je tre\u0107i sa 15 poslanika Demokratski savez Kosova. Srpska lista ima deset poslanika, dok ostalim neve\u0107inskim zajednicama pripada deset poslanika.<br><br>Zylfije Adem Jakupi,\u00a0Anadolu Agency AA <\/p>\n","protected":false},"excerpt":{"rendered":"<p>Za novu Vladu Kosova glasalo je 67 poslanika, 30 ih je bilo protiv, a nije bilo suzdr\u017eanih Pri\u0161tina Na vanrednoj sednici Skup\u0161tine Kosova danas je izabrana nova Vlada Kosova na \u010delu sa premijerom Albinom Kurtijem, liderom Pokreta \u201cSamoopredeljenje\u201d, javlja Anadolu Agency (AA). Za novu Vladu glasalo je 67 poslanika, 30 ih je bilo protiv, a [&hellip;]<\/p>\n","protected":false},"author":59,"featured_media":25605,"comment_status":"closed","ping_status":"closed","sticky":false,"template":"","format":"standard","meta":{"inline_featured_image":false,"footnotes":""},"categories":[376,40,37],"tags":[],"class_list":{"0":"post-25604","1":"post","2":"type-post","3":"status-publish","4":"format-standard","5":"has-post-thumbnail","7":"category-featured","8":"category-region","9":"category-vijesti"},"acf":[],"_links":{"self":[{"href":"https:\/\/tvsensor.com\/api\/wp\/v2\/posts\/25604","targetHints":{"allow":["GET"]}}],"collection":[{"href":"https:\/\/tvsensor.com\/api\/wp\/v2\/posts"}],"about":[{"href":"https:\/\/tvsensor.com\/api\/wp\/v2\/types\/post"}],"author":[{"embeddable":true,"href":"https:\/\/tvsensor.com\/api\/wp\/v2\/users\/59"}],"replies":[{"embeddable":true,"href":"https:\/\/tvsensor.com\/api\/wp\/v2\/comments?post=25604"}],"version-history":[{"count":1,"href":"https:\/\/tvsensor.com\/api\/wp\/v2\/posts\/25604\/revisions"}],"predecessor-version":[{"id":25606,"href":"https:\/\/tvsensor.com\/api\/wp\/v2\/posts\/25604\/revisions\/25606"}],"wp:featuredmedia":[{"embeddable":true,"href":"https:\/\/tvsensor.com\/api\/wp\/v2\/media\/25605"}],"wp:attachment":[{"href":"https:\/\/tvsensor.com\/api\/wp\/v2\/media?parent=25604"}],"wp:term":[{"taxonomy":"category","embeddable":true,"href":"https:\/\/tvsensor.com\/api\/wp\/v2\/categories?post=25604"},{"taxonomy":"post_tag","embeddable":true,"href":"https:\/\/tvsensor.com\/api\/wp\/v2\/tags?post=25604"}],"curies":[{"name":"wp","href":"https:\/\/api.w.org\/{rel}","templated":true}]}}