{"id":25586,"date":"2021-03-22T16:29:18","date_gmt":"2021-03-22T15:29:18","guid":{"rendered":"https:\/\/senzor.ba\/?p=25586"},"modified":"2024-01-15T21:39:16","modified_gmt":"2024-01-15T20:39:16","slug":"akademik-kurtcehajic-imacemo-modernu-bih-kad-se-ukinu-entiteti","status":"publish","type":"post","link":"https:\/\/tvsensor.com\/clanak\/akademik-kurtcehajic-imacemo-modernu-bih-kad-se-ukinu-entiteti\/","title":{"rendered":"Akademik Kurtc\u0301ehajic\u0301: Ima\u0107emo modernu BiH kad se ukinu entiteti"},"content":{"rendered":"\n<p><br>Akademik prof. dr. Suad Kurt\u0107ehaji\u0107 ekskluzivno za Senzor poja\u0161njava Akademsku inicijativu za promjenu Ustava BiH. <br><br>Dejtonskim sporazumom je nagra\u0111ena tvorevina koja je izvr\u0161ila genocid. 2007. g. nije ni\u0161ta ura\u0111eno da se ta tvorevina deinstalira i da se obznani cijelom svijetu da se genocid ne isplati. Nije izvr\u0161ena realizacija Aneksa 7 o povratku izbjeglih i raseljenih lica. Danas nemamo BiH kakvu smo imali. Ustavnim rje\u0161enjima koje imamo ugra\u0111ene su blokade koje onemogu\u0107avavaju normalno funkcionisanje institucija vlasti BiH, posebno one Parlamenta i Preds jedni\u0161tva. Ne mo\u017eemo godi\u0161nje usvojiti ni nekoliko zakona, tako da je kompletna paraliza parlamentarnog sistema BiH, izme\u0111u ostalog isti\u010de Akademik.<\/p>\n","protected":false},"excerpt":{"rendered":"<p>Akademik prof. dr. Suad Kurt\u0107ehaji\u0107 ekskluzivno za Senzor poja\u0161njava Akademsku inicijativu za promjenu Ustava BiH. Dejtonskim sporazumom je nagra\u0111ena tvorevina koja je izvr\u0161ila genocid. 2007. g. nije ni\u0161ta ura\u0111eno da se ta tvorevina deinstalira i da se obznani cijelom svijetu da se genocid ne isplati. Nije izvr\u0161ena realizacija Aneksa 7 o povratku izbjeglih i raseljenih [&hellip;]<\/p>\n","protected":false},"author":59,"featured_media":27997,"comment_status":"closed","ping_status":"closed","sticky":false,"template":"","format":"video","meta":{"inline_featured_image":false,"footnotes":""},"categories":[1242,1241],"tags":[],"class_list":{"0":"post-25586","1":"post","2":"type-post","3":"status-publish","4":"format-video","5":"has-post-thumbnail","7":"category-dijalog","8":"category-politika-video-galerija","9":"post_format-post-format-video"},"acf":[],"_links":{"self":[{"href":"https:\/\/tvsensor.com\/api\/wp\/v2\/posts\/25586","targetHints":{"allow":["GET"]}}],"collection":[{"href":"https:\/\/tvsensor.com\/api\/wp\/v2\/posts"}],"about":[{"href":"https:\/\/tvsensor.com\/api\/wp\/v2\/types\/post"}],"author":[{"embeddable":true,"href":"https:\/\/tvsensor.com\/api\/wp\/v2\/users\/59"}],"replies":[{"embeddable":true,"href":"https:\/\/tvsensor.com\/api\/wp\/v2\/comments?post=25586"}],"version-history":[{"count":6,"href":"https:\/\/tvsensor.com\/api\/wp\/v2\/posts\/25586\/revisions"}],"predecessor-version":[{"id":27998,"href":"https:\/\/tvsensor.com\/api\/wp\/v2\/posts\/25586\/revisions\/27998"}],"wp:featuredmedia":[{"embeddable":true,"href":"https:\/\/tvsensor.com\/api\/wp\/v2\/media\/27997"}],"wp:attachment":[{"href":"https:\/\/tvsensor.com\/api\/wp\/v2\/media?parent=25586"}],"wp:term":[{"taxonomy":"category","embeddable":true,"href":"https:\/\/tvsensor.com\/api\/wp\/v2\/categories?post=25586"},{"taxonomy":"post_tag","embeddable":true,"href":"https:\/\/tvsensor.com\/api\/wp\/v2\/tags?post=25586"}],"curies":[{"name":"wp","href":"https:\/\/api.w.org\/{rel}","templated":true}]}}