{"id":25497,"date":"2021-03-20T20:12:57","date_gmt":"2021-03-20T19:12:57","guid":{"rendered":"https:\/\/senzor.ba\/?p=25497"},"modified":"2024-01-15T21:39:18","modified_gmt":"2024-01-15T20:39:18","slug":"svedska-u-tri-velika-grada-protesti-protiv-ogranicenja-uvedenih-zbog-covid-19","status":"publish","type":"post","link":"https:\/\/tvsensor.com\/clanak\/svedska-u-tri-velika-grada-protesti-protiv-ogranicenja-uvedenih-zbog-covid-19\/","title":{"rendered":"\u0160vedska: U tri velika grada protesti protiv ograni\u010denja uvedenih zbog COVID-19"},"content":{"rendered":"\n<p>U tri velika grada u \u0160vedskoj, prijestolnici Stockholmu, Goteborgu i Malmeu, odr\u017eani su protesti protiv ograni\u010denja uvedenih u borbi spandemijom koronavirusa, javlja Anadolu Agency (AA).<\/p>\n\n\n\n<p>Na protestima, odr\u017eanim u organizaciji nekoliko udru\u017eenja i pokreta, u\u010destvovalo je nekoliko stotina gra\u0111ana.<\/p>\n\n\n\n<p>Protesti u Stockholmu su odr\u017eani na tri razli\u010dite lokacije. Tokom protesta na centralnom Trgu Kungstragarden, \u010delnik organizacije &#8220;Milenyum&#8221; Filip Sjostrom pozvao je \u0161vedske vlasti da ukinu mjere, koje su dosta bla\u017ee u odnosu na druge zemlje.<\/p>\n\n\n\n<p>Istakao je da se u svijetu la\u017ei prikazuju kao istina te da je pandemija koronavirusa plan bogatih koji dominiraju svijetom.<\/p>\n\n\n\n<p>Podsjetio je da su i prije dvije sedmice odr\u017eali sli\u010dan protest protiv epidemiolo\u0161kih mjera te da je tada na skupu u\u010destvovalo oko tri hiljade ljudi, a da je on ka\u017enjen s 2.000 eura.<\/p>\n\n\n\n<p>Na protestima u Stockholmu u jednom momentu su zabilje\u017eeni manji sukobi policije i demonstranata, a privedeno je ukupno sedam osoba.<\/p>\n\n\n\n<p>Protesti protiv ograni\u010denja i mjera odr\u017eani su i u Geteborgu i Malmeu.<\/p>\n\n\n\n<p>Prema podacima portala Worldometer, u \u0160vedskoj, \u010dija populacija iznosi oko 10,2 miliona stanovnika, do sada su zabilje\u017eena 744.272 slu\u010daja zaraze koronavirusom te 13.262 smrtna slu\u010daja povezana s COVID-19.<\/p>\n","protected":false},"excerpt":{"rendered":"<p>U tri velika grada u \u0160vedskoj, prijestolnici Stockholmu, Goteborgu i Malmeu, odr\u017eani su protesti protiv ograni\u010denja uvedenih u borbi spandemijom koronavirusa, javlja Anadolu Agency (AA). Na protestima, odr\u017eanim u organizaciji nekoliko udru\u017eenja i pokreta, u\u010destvovalo je nekoliko stotina gra\u0111ana. Protesti u Stockholmu su odr\u017eani na tri razli\u010dite lokacije. Tokom protesta na centralnom Trgu Kungstragarden, \u010delnik [&hellip;]<\/p>\n","protected":false},"author":59,"featured_media":25498,"comment_status":"closed","ping_status":"closed","sticky":false,"template":"","format":"standard","meta":{"inline_featured_image":false,"footnotes":""},"categories":[41],"tags":[],"class_list":{"0":"post-25497","1":"post","2":"type-post","3":"status-publish","4":"format-standard","5":"has-post-thumbnail","7":"category-svijet"},"acf":[],"_links":{"self":[{"href":"https:\/\/tvsensor.com\/api\/wp\/v2\/posts\/25497","targetHints":{"allow":["GET"]}}],"collection":[{"href":"https:\/\/tvsensor.com\/api\/wp\/v2\/posts"}],"about":[{"href":"https:\/\/tvsensor.com\/api\/wp\/v2\/types\/post"}],"author":[{"embeddable":true,"href":"https:\/\/tvsensor.com\/api\/wp\/v2\/users\/59"}],"replies":[{"embeddable":true,"href":"https:\/\/tvsensor.com\/api\/wp\/v2\/comments?post=25497"}],"version-history":[{"count":1,"href":"https:\/\/tvsensor.com\/api\/wp\/v2\/posts\/25497\/revisions"}],"predecessor-version":[{"id":25499,"href":"https:\/\/tvsensor.com\/api\/wp\/v2\/posts\/25497\/revisions\/25499"}],"wp:featuredmedia":[{"embeddable":true,"href":"https:\/\/tvsensor.com\/api\/wp\/v2\/media\/25498"}],"wp:attachment":[{"href":"https:\/\/tvsensor.com\/api\/wp\/v2\/media?parent=25497"}],"wp:term":[{"taxonomy":"category","embeddable":true,"href":"https:\/\/tvsensor.com\/api\/wp\/v2\/categories?post=25497"},{"taxonomy":"post_tag","embeddable":true,"href":"https:\/\/tvsensor.com\/api\/wp\/v2\/tags?post=25497"}],"curies":[{"name":"wp","href":"https:\/\/api.w.org\/{rel}","templated":true}]}}