{"id":25494,"date":"2021-03-20T20:10:53","date_gmt":"2021-03-20T19:10:53","guid":{"rendered":"https:\/\/senzor.ba\/?p=25494"},"modified":"2024-01-15T21:39:19","modified_gmt":"2024-01-15T20:39:19","slug":"njemacka-na-protestima-protiv-covid-19-mjera-veliki-broj-uhapsenih","status":"publish","type":"post","link":"https:\/\/tvsensor.com\/clanak\/njemacka-na-protestima-protiv-covid-19-mjera-veliki-broj-uhapsenih\/","title":{"rendered":"Njema\u010dka: Na protestima protiv COVID-19 mjera veliki broj uhap\u0161enih"},"content":{"rendered":"\n<p>BERLIN (AA) &#8211; Veliki broj demonstranata priveden je u gradu Kasselu na protestima protiv mjera koje je njema\u010dka vlada uvela s ciljem suzbijanja \u0161irenja pandemije koronavirusa, javlja Anadolu Agency (AA).<\/p>\n\n\n\n<p>Nekoliko hiljada ljudi okupilo se u centru grada kako bi protestovali protiv strogih mjera te su potom poku\u0161ali odr\u017eati nenajavljenu protestnu \u0161etnju.<\/p>\n\n\n\n<p>Ve\u0107ina okupljenih se nisu pridr\u017eavali pravila o no\u0161enju maski i odr\u017eavanja socijalne distance, a nisu poslu\u0161ali ni pozive policije da se razi\u0111u. U jednom momentu su zabilje\u017eeni sukobi s policijom kada su demonstranti poku\u0161ali pro\u0107i putem koji su policajci blokirali.<\/p>\n\n\n\n<p>Policija je protiv demonstranata upotrijebila suzavac, pendreke i vodene topove, a demonstranti su na policiju bacali boce, a u jednom momentu su nasrnuli i na grupu novinara.<\/p>\n\n\n\n<p>Na protestima, kojima je prisustvovalo oko deset hiljada ljudi, priveden je veliki broj osoba.<\/p>\n\n\n\n<p>U glavnom gradu Berlinu pristalice ekstremne desnice tako\u0111er su protestovali zbog mjera uvedenih protiv COVID-19.<\/p>\n\n\n\n<p>Oko 200 osoba okupilo se ispred Brandenbur\u0161kih vrata u centru grada, odakle su se, pod opse\u017enim mjerama sigurnosti, zaputili prema zgradi Parlamenta Njema\u010dke.<\/p>\n\n\n\n<p>Policija je prekinula protest pod obrazlo\u017eenjem da okupljeni nisu po\u0161tovali pravila o no\u0161enju maski i socijalne distance. Tokom protesta je priveden veliki broj gra\u0111ana.<\/p>\n\n\n\n<p>S druge strane, grupa gra\u0111ana je odr\u017eala kontra demonstracije s kojih je poru\u010deno da niko nema pravo da pori\u010de postojanje pandemije koronavirusa.<\/p>\n\n\n\n<p>Okupljeni na tom protestu nosili su transparent na kojem je pisalo &#8220;Neka poricatelji korone napuste na\u0161e susjedstvo&#8221;.<\/p>\n\n\n\n<p>Oba protesta su zavr\u0161ena bez ve\u0107ih incidenata.<\/p>\n","protected":false},"excerpt":{"rendered":"<p>BERLIN (AA) &#8211; Veliki broj demonstranata priveden je u gradu Kasselu na protestima protiv mjera koje je njema\u010dka vlada uvela s ciljem suzbijanja \u0161irenja pandemije koronavirusa, javlja Anadolu Agency (AA). Nekoliko hiljada ljudi okupilo se u centru grada kako bi protestovali protiv strogih mjera te su potom poku\u0161ali odr\u017eati nenajavljenu protestnu \u0161etnju. Ve\u0107ina okupljenih se [&hellip;]<\/p>\n","protected":false},"author":59,"featured_media":25495,"comment_status":"closed","ping_status":"closed","sticky":false,"template":"","format":"standard","meta":{"inline_featured_image":false,"footnotes":""},"categories":[41],"tags":[],"class_list":{"0":"post-25494","1":"post","2":"type-post","3":"status-publish","4":"format-standard","5":"has-post-thumbnail","7":"category-svijet"},"acf":[],"_links":{"self":[{"href":"https:\/\/tvsensor.com\/api\/wp\/v2\/posts\/25494","targetHints":{"allow":["GET"]}}],"collection":[{"href":"https:\/\/tvsensor.com\/api\/wp\/v2\/posts"}],"about":[{"href":"https:\/\/tvsensor.com\/api\/wp\/v2\/types\/post"}],"author":[{"embeddable":true,"href":"https:\/\/tvsensor.com\/api\/wp\/v2\/users\/59"}],"replies":[{"embeddable":true,"href":"https:\/\/tvsensor.com\/api\/wp\/v2\/comments?post=25494"}],"version-history":[{"count":1,"href":"https:\/\/tvsensor.com\/api\/wp\/v2\/posts\/25494\/revisions"}],"predecessor-version":[{"id":25496,"href":"https:\/\/tvsensor.com\/api\/wp\/v2\/posts\/25494\/revisions\/25496"}],"wp:featuredmedia":[{"embeddable":true,"href":"https:\/\/tvsensor.com\/api\/wp\/v2\/media\/25495"}],"wp:attachment":[{"href":"https:\/\/tvsensor.com\/api\/wp\/v2\/media?parent=25494"}],"wp:term":[{"taxonomy":"category","embeddable":true,"href":"https:\/\/tvsensor.com\/api\/wp\/v2\/categories?post=25494"},{"taxonomy":"post_tag","embeddable":true,"href":"https:\/\/tvsensor.com\/api\/wp\/v2\/tags?post=25494"}],"curies":[{"name":"wp","href":"https:\/\/api.w.org\/{rel}","templated":true}]}}